{"id":3463,"date":"2016-04-20T20:29:33","date_gmt":"2016-04-20T23:29:33","guid":{"rendered":"https:\/\/eldiariodesanpedro.com.ar\/sitio\/?p=3463"},"modified":"2016-04-20T20:29:33","modified_gmt":"2016-04-20T23:29:33","slug":"se-continua-con-la-ayuda","status":"publish","type":"post","link":"https:\/\/eldiariodesanpedro.com.ar\/sitio\/se-continua-con-la-ayuda\/","title":{"rendered":"\u201cSe contin\u00faa con la ayuda\u201d"},"content":{"rendered":"<p><!-- VideographyWP Plugin Message: Automatic video embedding prevented by plugin options. --><br \/>\nMediante un comunicado, la Municipalidad de San Pedro dio a conocer el d\u00eda a d\u00eda de los trabajos que se llevan adelante para ayudar a los damnificados por el temporal.<br \/>\nAyer por la ma\u00f1ana, en el Centro Integrador Comunitario (CIC), que funciona como uno de los centros de evacuados, autoridades municipales junto a los profesionales de las \u00e1reas de Salud y Desarrollo Humano se encontraban distribuyendo mercader\u00eda, frazadas, colchones y ropa a aquellos que lo requieren en este momento tan cr\u00edtico.<br \/>\nAsimismo, se realizan permanentemente relevamientos sobre los sectores afectados, tanto por la inundaci\u00f3n como por el temporal.<br \/>\nCabe destacar que cinco familias permanecen alojadas en las instalaciones del CIC. Adem\u00e1s, aquellos que se encuentran regresando a sus viviendas y a\u00fan no est\u00e1n en condiciones \u00f3ptimas, las autoridades disponen, en dicho centro, las viandas de comidas para los integrantes de esas familias.<br \/>\nM\u00e1s all\u00e1 de la ayuda proveniente del gobierno de la provincia de Buenos Aires, tambi\u00e9n estar\u00eda llegando la ayuda de Defensa Civil de La Pampa.<br \/>\nAdem\u00e1s, se reparti\u00f3 mercader\u00eda y colchones a las tres delegaciones del partido de San Pedro. Aquellos que deseen colaborar, pueden acercarse a la Secretar\u00eda de Desarrollo Humano (O. C\u00e9zar 280). Es prioridad la ayuda con calzado y ropa para ni\u00f1os.<\/p>\n","protected":false},"excerpt":{"rendered":"<p>Mediante un comunicado, la Municipalidad de San Pedro dio a conocer el d\u00eda a d\u00eda de los trabajos que se llevan adelante para ayudar a los damnificados por el temporal. Ayer por la ma\u00f1ana, en el Centro Integrador Comunitario (CIC), que funciona como uno de los centros de evacuados, autoridades municipales junto a los profesionales [&hellip;]<\/p>\n","protected":false},"author":4,"featured_media":3464,"comment_status":"open","ping_status":"closed","sticky":false,"template":"","format":"standard","meta":{"om_disable_all_campaigns":false,"_jetpack_memberships_contains_paid_content":false,"footnotes":""},"categories":[2],"tags":[],"class_list":["post-3463","post","type-post","status-publish","format-standard","has-post-thumbnail","hentry","category-locales"],"aioseo_notices":[],"gutentor_comment":0,"jetpack_featured_media_url":"https:\/\/eldiariodesanpedro.com.ar\/sitio\/wp-content\/uploads\/2016\/04\/PAGINA-4-02-2.jpg","jetpack_shortlink":"https:\/\/wp.me\/p6RhLt-TR","jetpack_sharing_enabled":true,"_links":{"self":[{"href":"https:\/\/eldiariodesanpedro.com.ar\/sitio\/wp-json\/wp\/v2\/posts\/3463","targetHints":{"allow":["GET"]}}],"collection":[{"href":"https:\/\/eldiariodesanpedro.com.ar\/sitio\/wp-json\/wp\/v2\/posts"}],"about":[{"href":"https:\/\/eldiariodesanpedro.com.ar\/sitio\/wp-json\/wp\/v2\/types\/post"}],"author":[{"embeddable":true,"href":"https:\/\/eldiariodesanpedro.com.ar\/sitio\/wp-json\/wp\/v2\/users\/4"}],"replies":[{"embeddable":true,"href":"https:\/\/eldiariodesanpedro.com.ar\/sitio\/wp-json\/wp\/v2\/comments?post=3463"}],"version-history":[{"count":1,"href":"https:\/\/eldiariodesanpedro.com.ar\/sitio\/wp-json\/wp\/v2\/posts\/3463\/revisions"}],"predecessor-version":[{"id":3465,"href":"https:\/\/eldiariodesanpedro.com.ar\/sitio\/wp-json\/wp\/v2\/posts\/3463\/revisions\/3465"}],"wp:featuredmedia":[{"embeddable":true,"href":"https:\/\/eldiariodesanpedro.com.ar\/sitio\/wp-json\/wp\/v2\/media\/3464"}],"wp:attachment":[{"href":"https:\/\/eldiariodesanpedro.com.ar\/sitio\/wp-json\/wp\/v2\/media?parent=3463"}],"wp:term":[{"taxonomy":"category","embeddable":true,"href":"https:\/\/eldiariodesanpedro.com.ar\/sitio\/wp-json\/wp\/v2\/categories?post=3463"},{"taxonomy":"post_tag","embeddable":true,"href":"https:\/\/eldiariodesanpedro.com.ar\/sitio\/wp-json\/wp\/v2\/tags?post=3463"}],"curies":[{"name":"wp","href":"https:\/\/api.w.org\/{rel}","templated":true}]}}