{"id":3460,"date":"2016-04-20T19:47:31","date_gmt":"2016-04-20T22:47:31","guid":{"rendered":"https:\/\/eldiariodesanpedro.com.ar\/sitio\/?p=3460"},"modified":"2016-04-20T19:47:31","modified_gmt":"2016-04-20T22:47:31","slug":"funcionarios-del-gobierno-de-vidal-arribaron-a-la-ciudad","status":"publish","type":"post","link":"https:\/\/eldiariodesanpedro.com.ar\/sitio\/funcionarios-del-gobierno-de-vidal-arribaron-a-la-ciudad\/","title":{"rendered":"Funcionarios del gobierno de Vidal arribaron a la ciudad"},"content":{"rendered":"<p><!-- VideographyWP Plugin Message: Automatic video embedding prevented by plugin options. --><br \/>\nEn la tarde de hoy, el intendente municipal recibi\u00f3 al director provincial de Deportes, Emmanuel Ruiz, y a la directora de Asesoramiento y Gesti\u00f3n Pol\u00edtica (Ministerio de Gobierno), Anastasia Peralta Ramos. Los funcionarios acompa\u00f1aron al mandatario local en una recorrida por las zonas afectadas.<br \/>\nEn un contacto con la prensa, Salazar manifest\u00f3: \u201cYa ha estado la gente de Hidr\u00e1ulica, la gente de Desarrollo Humano est\u00e1 trabajando hace unos cuantos d\u00edas. Entre ayer y hoy salieron a hacer un relevamiento por todos los barrios, fundamentalmente los m\u00e1s complicados, que son los de la periferia en la zona del CIC\u201d. Y agreg\u00f3: \u201cQueremos hacer las grandes obras de infraestructura que le faltan a San Pedro\u201d.<br \/>\nEn tanto, aprovech\u00f3 la oportunidad para remarcar que prontamente se iniciar\u00e1n las obras de reparaci\u00f3n de la ruta 1001. Y critic\u00f3 a los camiones areneros: \u201cCuando llueve as\u00ed se llevan los pedazos de pavimentos que hay sueltos y quedan los pozos\u201d.<br \/>\nPor su parte, Anastasia Peralta Ramos expres\u00f3: \u201cVinimos a acompa\u00f1ar a Cecilio en un relevamiento de los barrios m\u00e1s necesitados y ver c\u00f3mo podemos ayudar desde la provincia\u201d.  Al tiempo, Ruiz a\u00f1adi\u00f3: \u201cNosotros venimos haciendo algunas actividades con el f\u00fatbol, mi pasado en Boca Junior me ha llevado a estar en la direcci\u00f3n\u201d. \u201cVamos a ponernos a disposici\u00f3n del intendente para ver si podemos hacer un evento a beneficio\u201d, dijo y agreg\u00f3 que, de concretarse la iniciativa, podr\u00edan venir algunos exfutbolistas reconocidos. <\/p>\n","protected":false},"excerpt":{"rendered":"<p>En la tarde de hoy, el intendente municipal recibi\u00f3 al director provincial de Deportes, Emmanuel Ruiz, y a la directora de Asesoramiento y Gesti\u00f3n Pol\u00edtica (Ministerio de Gobierno), Anastasia Peralta Ramos. Los funcionarios acompa\u00f1aron al mandatario local en una recorrida por las zonas afectadas. En un contacto con la prensa, Salazar manifest\u00f3: \u201cYa ha estado [&hellip;]<\/p>\n","protected":false},"author":4,"featured_media":3461,"comment_status":"open","ping_status":"closed","sticky":false,"template":"","format":"standard","meta":{"om_disable_all_campaigns":false,"_jetpack_memberships_contains_paid_content":false,"footnotes":""},"categories":[50,2,102],"tags":[],"class_list":["post-3460","post","type-post","status-publish","format-standard","has-post-thumbnail","hentry","category-destacadas","category-locales","category-politica-locales"],"aioseo_notices":[],"gutentor_comment":0,"jetpack_featured_media_url":"https:\/\/eldiariodesanpedro.com.ar\/sitio\/wp-content\/uploads\/2016\/04\/PAGINA-4-01-2.jpg","jetpack_shortlink":"https:\/\/wp.me\/p6RhLt-TO","jetpack_sharing_enabled":true,"_links":{"self":[{"href":"https:\/\/eldiariodesanpedro.com.ar\/sitio\/wp-json\/wp\/v2\/posts\/3460","targetHints":{"allow":["GET"]}}],"collection":[{"href":"https:\/\/eldiariodesanpedro.com.ar\/sitio\/wp-json\/wp\/v2\/posts"}],"about":[{"href":"https:\/\/eldiariodesanpedro.com.ar\/sitio\/wp-json\/wp\/v2\/types\/post"}],"author":[{"embeddable":true,"href":"https:\/\/eldiariodesanpedro.com.ar\/sitio\/wp-json\/wp\/v2\/users\/4"}],"replies":[{"embeddable":true,"href":"https:\/\/eldiariodesanpedro.com.ar\/sitio\/wp-json\/wp\/v2\/comments?post=3460"}],"version-history":[{"count":1,"href":"https:\/\/eldiariodesanpedro.com.ar\/sitio\/wp-json\/wp\/v2\/posts\/3460\/revisions"}],"predecessor-version":[{"id":3462,"href":"https:\/\/eldiariodesanpedro.com.ar\/sitio\/wp-json\/wp\/v2\/posts\/3460\/revisions\/3462"}],"wp:featuredmedia":[{"embeddable":true,"href":"https:\/\/eldiariodesanpedro.com.ar\/sitio\/wp-json\/wp\/v2\/media\/3461"}],"wp:attachment":[{"href":"https:\/\/eldiariodesanpedro.com.ar\/sitio\/wp-json\/wp\/v2\/media?parent=3460"}],"wp:term":[{"taxonomy":"category","embeddable":true,"href":"https:\/\/eldiariodesanpedro.com.ar\/sitio\/wp-json\/wp\/v2\/categories?post=3460"},{"taxonomy":"post_tag","embeddable":true,"href":"https:\/\/eldiariodesanpedro.com.ar\/sitio\/wp-json\/wp\/v2\/tags?post=3460"}],"curies":[{"name":"wp","href":"https:\/\/api.w.org\/{rel}","templated":true}]}}