{"id":34576,"date":"2018-06-11T10:45:49","date_gmt":"2018-06-11T13:45:49","guid":{"rendered":"https:\/\/eldiariodesanpedro.com.ar\/sitio\/?p=34576"},"modified":"2018-06-11T11:08:41","modified_gmt":"2018-06-11T14:08:41","slug":"hace-intantes-robo-en-una-agencia-de-venta-de-automoviles","status":"publish","type":"post","link":"https:\/\/eldiariodesanpedro.com.ar\/sitio\/hace-intantes-robo-en-una-agencia-de-venta-de-automoviles\/","title":{"rendered":"Robo en una agencia, se llevaron alrededor de 150 mil pesos"},"content":{"rendered":"<p><!-- VideographyWP Plugin Message: Automatic video embedding prevented by plugin options. --><br \/>\nEn la ma\u00f1ana de este lunes alrededor de las 10 hs se produjo un asalto en una agencia de venta de veh\u00edculo ubicada en calle Bvard. Moreno al 1300.<\/p>\n<p>En el lugar se hizo presente la polic\u00eda tras un llamado al 911 donde se informaba del robo de dinero en efectivo a una agencia de auto por dos delincuentes armados quienes se dieron a la fuga en un autom\u00f3vil Renault 12.<\/p>\n<p>Se estar\u00eda hablando de que el bot\u00edn ser\u00eda de alrededor de $150.000.<\/p>\n<p>El hecho ocurri\u00f3 cuando dos masculinos ingresaron al local encapuchados y armados, redujeron a los dos empleados maniatadolos, una vez que fueron reducidos esperaron la presencia del due\u00f1o del local Juan Obrador de 46 a\u00f1os, quien al llegar al comercio fue abordado por estos delincuentes.<\/p>\n<p>Los cacos junto al propietario del lugar fueron hacia el domicilio que se encuentra en la parte  trasera del comercio donde se encontraban su esposa y su hija a quienes encerraron dentro de un ba\u00f1o.<\/p>\n<p>Los delincuentes a punta de pistolas y con amenazas constantes exigieron el dinero, que ser\u00eda alrededor de 150 mil pesos al no entregarle el dinero Duran recibi\u00f3 3 culatasos en la cabeza por lo que se le produjo un corte en el cuero cabelludo por lo que fue trasladado a la Guardia local por el SAME.<\/p>\n<p>Las dem\u00e1s personas resultaron ilesos.<\/p>\n<p>Se investiga quienes ser\u00edan los delincuentes y se los estar\u00eda buscando intensamente en la ciudad. <\/p>\n","protected":false},"excerpt":{"rendered":"<p>En la ma\u00f1ana de este lunes alrededor de las 10 hs se produjo un asalto en una agencia de venta de veh\u00edculo ubicada en calle Bvard. Moreno al 1300. En el lugar se hizo presente la polic\u00eda tras un llamado al 911 donde se informaba del robo de dinero en efectivo a una agencia de [&hellip;]<\/p>\n","protected":false},"author":4,"featured_media":34577,"comment_status":"open","ping_status":"closed","sticky":false,"template":"","format":"standard","meta":{"om_disable_all_campaigns":false,"_jetpack_memberships_contains_paid_content":false,"footnotes":""},"categories":[50,2,103],"tags":[],"class_list":["post-34576","post","type-post","status-publish","format-standard","has-post-thumbnail","hentry","category-destacadas","category-locales","category-policiales-locales"],"aioseo_notices":[],"gutentor_comment":0,"jetpack_featured_media_url":"https:\/\/eldiariodesanpedro.com.ar\/sitio\/wp-content\/uploads\/2018\/06\/20180611_102752-e1528724645733.jpg","jetpack_shortlink":"https:\/\/wp.me\/p6RhLt-8ZG","jetpack_sharing_enabled":true,"_links":{"self":[{"href":"https:\/\/eldiariodesanpedro.com.ar\/sitio\/wp-json\/wp\/v2\/posts\/34576","targetHints":{"allow":["GET"]}}],"collection":[{"href":"https:\/\/eldiariodesanpedro.com.ar\/sitio\/wp-json\/wp\/v2\/posts"}],"about":[{"href":"https:\/\/eldiariodesanpedro.com.ar\/sitio\/wp-json\/wp\/v2\/types\/post"}],"author":[{"embeddable":true,"href":"https:\/\/eldiariodesanpedro.com.ar\/sitio\/wp-json\/wp\/v2\/users\/4"}],"replies":[{"embeddable":true,"href":"https:\/\/eldiariodesanpedro.com.ar\/sitio\/wp-json\/wp\/v2\/comments?post=34576"}],"version-history":[{"count":4,"href":"https:\/\/eldiariodesanpedro.com.ar\/sitio\/wp-json\/wp\/v2\/posts\/34576\/revisions"}],"predecessor-version":[{"id":34583,"href":"https:\/\/eldiariodesanpedro.com.ar\/sitio\/wp-json\/wp\/v2\/posts\/34576\/revisions\/34583"}],"wp:featuredmedia":[{"embeddable":true,"href":"https:\/\/eldiariodesanpedro.com.ar\/sitio\/wp-json\/wp\/v2\/media\/34577"}],"wp:attachment":[{"href":"https:\/\/eldiariodesanpedro.com.ar\/sitio\/wp-json\/wp\/v2\/media?parent=34576"}],"wp:term":[{"taxonomy":"category","embeddable":true,"href":"https:\/\/eldiariodesanpedro.com.ar\/sitio\/wp-json\/wp\/v2\/categories?post=34576"},{"taxonomy":"post_tag","embeddable":true,"href":"https:\/\/eldiariodesanpedro.com.ar\/sitio\/wp-json\/wp\/v2\/tags?post=34576"}],"curies":[{"name":"wp","href":"https:\/\/api.w.org\/{rel}","templated":true}]}}