{"id":34574,"date":"2018-06-11T11:37:13","date_gmt":"2018-06-11T14:37:13","guid":{"rendered":"https:\/\/eldiariodesanpedro.com.ar\/sitio\/?p=34574"},"modified":"2018-06-11T11:37:13","modified_gmt":"2018-06-11T14:37:13","slug":"libres-de-miedo-y-su-desconcierto-con-el-gobierno-municipal","status":"publish","type":"post","link":"https:\/\/eldiariodesanpedro.com.ar\/sitio\/libres-de-miedo-y-su-desconcierto-con-el-gobierno-municipal\/","title":{"rendered":"Libres de Miedo y su desconcierto con el Gobierno Municipal"},"content":{"rendered":"<p><!-- VideographyWP Plugin Message: Automatic video embedding prevented by plugin options. --><br \/>\nLuego de la realizaci\u00f3n de la marcha \u00abni una menos\u00bb en contra de la violencia de g\u00e9nero, d\u00edas atr\u00e1s donde se manifestaron al mismo tiempo a favor de despenalizaci\u00f3n del aborto, las integrantes de Libres de Miedo emitieron un comunicado a trav\u00e9s de sus redes sociales en desconcierto por el recibimiento por parte del Intendente Cecilio Salazar a la marcha \u00abSalvar las dos vidas\u00bb.<\/p>\n<p>Desde Libres de Miedo queremos manifestar nuestro desconcierto ante la presencia del Intendente Cecilio Salazar, la Secretaria de Desarrollo Humano Karina Chiarella y gran parte del Gabinete Municipal en una movilizaci\u00f3n que asegura querer \u201csalvar las dos vidas\u201d, en contra de la legalizaci\u00f3n del aborto.<\/p>\n<p>Y decimos desconcierto porque este presunto compromiso con la vida no se ve reflejado en las pol\u00edticas implementadas por el Gobierno Municipal.<\/p>\n<p>Recordamos, por ejemplo, que este a\u00f1o hubo dos femicidios con poco m\u00e1s de un mes de diferencia: Natalia Duarte y Mariela Figueroa fueron asesinadas por la violencia machista, ante un estado c\u00f3mplice, por acci\u00f3n y omisi\u00f3n. Esas dos vidas son las que no pudieron salvar. Por esas vidas a\u00fan deben responder.<\/p>\n<p>Recordamos tambi\u00e9n que son miles las mujeres que hoy en San Pedro esperan por la protecci\u00f3n del Estado y que es el Intendente, y su Secretaria de Desarrollo Humano quienes deben garantizar el cumplimiento de los derechos de todas las mujeres para las que debe gobernar, entre ellos, y principalmente, su derecho a vivir.<\/p>\n<p>Podr\u00edamos seguir hablando de lxs ni\u00f1xs desnutridxs y\/o abusadxs que su gesti\u00f3n revictimiza y abandona, en lugar de contener, asistir y proteger, casos que son de dominio p\u00fablico para la comunidad.<\/p>\n<p>Reiteramos la necesidad de que el Intendente Salazar y Karina Chiarella expliquen el destino de los 89 millones de pesos presupuestados para el \u00e1rea, tal como lo pedimos en la marcha del pasado lunes 4.<\/p>\n<p>Exigimos adem\u00e1s la igualdad de oportunidades, el cumplimiento de los derechos y el respeto a las decisiones de las mujeres por sobre nuestros cuerpos y vidas.<\/p>\n<p>#NiUnaMenos #AbortoLibreSeguroYGratuito<\/p>\n","protected":false},"excerpt":{"rendered":"<p>Luego de la realizaci\u00f3n de la marcha \u00abni una menos\u00bb en contra de la violencia de g\u00e9nero, d\u00edas atr\u00e1s donde se manifestaron al mismo tiempo a favor de despenalizaci\u00f3n del aborto, las integrantes de Libres de Miedo emitieron un comunicado a trav\u00e9s de sus redes sociales en desconcierto por el recibimiento por parte del Intendente [&hellip;]<\/p>\n","protected":false},"author":4,"featured_media":34585,"comment_status":"open","ping_status":"closed","sticky":false,"template":"","format":"standard","meta":{"om_disable_all_campaigns":false,"_jetpack_memberships_contains_paid_content":false,"footnotes":""},"categories":[101,2],"tags":[],"class_list":["post-34574","post","type-post","status-publish","format-standard","has-post-thumbnail","hentry","category-interes-general-locales","category-locales"],"aioseo_notices":[],"gutentor_comment":0,"jetpack_featured_media_url":"https:\/\/eldiariodesanpedro.com.ar\/sitio\/wp-content\/uploads\/2018\/06\/marcha_3.jpg","jetpack_shortlink":"https:\/\/wp.me\/p6RhLt-8ZE","jetpack_sharing_enabled":true,"_links":{"self":[{"href":"https:\/\/eldiariodesanpedro.com.ar\/sitio\/wp-json\/wp\/v2\/posts\/34574","targetHints":{"allow":["GET"]}}],"collection":[{"href":"https:\/\/eldiariodesanpedro.com.ar\/sitio\/wp-json\/wp\/v2\/posts"}],"about":[{"href":"https:\/\/eldiariodesanpedro.com.ar\/sitio\/wp-json\/wp\/v2\/types\/post"}],"author":[{"embeddable":true,"href":"https:\/\/eldiariodesanpedro.com.ar\/sitio\/wp-json\/wp\/v2\/users\/4"}],"replies":[{"embeddable":true,"href":"https:\/\/eldiariodesanpedro.com.ar\/sitio\/wp-json\/wp\/v2\/comments?post=34574"}],"version-history":[{"count":1,"href":"https:\/\/eldiariodesanpedro.com.ar\/sitio\/wp-json\/wp\/v2\/posts\/34574\/revisions"}],"predecessor-version":[{"id":34586,"href":"https:\/\/eldiariodesanpedro.com.ar\/sitio\/wp-json\/wp\/v2\/posts\/34574\/revisions\/34586"}],"wp:featuredmedia":[{"embeddable":true,"href":"https:\/\/eldiariodesanpedro.com.ar\/sitio\/wp-json\/wp\/v2\/media\/34585"}],"wp:attachment":[{"href":"https:\/\/eldiariodesanpedro.com.ar\/sitio\/wp-json\/wp\/v2\/media?parent=34574"}],"wp:term":[{"taxonomy":"category","embeddable":true,"href":"https:\/\/eldiariodesanpedro.com.ar\/sitio\/wp-json\/wp\/v2\/categories?post=34574"},{"taxonomy":"post_tag","embeddable":true,"href":"https:\/\/eldiariodesanpedro.com.ar\/sitio\/wp-json\/wp\/v2\/tags?post=34574"}],"curies":[{"name":"wp","href":"https:\/\/api.w.org\/{rel}","templated":true}]}}