{"id":34571,"date":"2018-06-11T10:09:09","date_gmt":"2018-06-11T13:09:09","guid":{"rendered":"https:\/\/eldiariodesanpedro.com.ar\/sitio\/?p=34571"},"modified":"2018-06-11T10:09:09","modified_gmt":"2018-06-11T13:09:09","slug":"destrozos-en-los-vidrios-del-cic","status":"publish","type":"post","link":"https:\/\/eldiariodesanpedro.com.ar\/sitio\/destrozos-en-los-vidrios-del-cic\/","title":{"rendered":"Destrozos en los vidrios del CIC"},"content":{"rendered":"<p><!-- VideographyWP Plugin Message: Automatic video embedding prevented by plugin options. --><br \/>\nEn horas de la madrugada malvivientes intentaron ingresar al Centro Integrador Comunitario del Barrio San Miguel donde provocaron.<\/p>\n<p>Se supone que delincuentes provocaron da\u00f1os en vidrios en la puerta de acceso del CIC con las intenci\u00f3n de ingresar a robar en el edificio cuando  fueron advertidos por el sereno que se encontraba trabajando en el lugar, quien r\u00e1pidamente alert\u00f3 a la polic\u00eda.<\/p>\n<p>En la ma\u00f1ana de este lunes se trabaja en el lugar para poder reparar los da\u00f1os.<\/p>\n","protected":false},"excerpt":{"rendered":"<p>En horas de la madrugada malvivientes intentaron ingresar al Centro Integrador Comunitario del Barrio San Miguel donde provocaron. Se supone que delincuentes provocaron da\u00f1os en vidrios en la puerta de acceso del CIC con las intenci\u00f3n de ingresar a robar en el edificio cuando fueron advertidos por el sereno que se encontraba trabajando en el [&hellip;]<\/p>\n","protected":false},"author":4,"featured_media":34572,"comment_status":"open","ping_status":"closed","sticky":false,"template":"","format":"standard","meta":{"om_disable_all_campaigns":false,"_jetpack_memberships_contains_paid_content":false,"footnotes":""},"categories":[2,103],"tags":[],"class_list":["post-34571","post","type-post","status-publish","format-standard","has-post-thumbnail","hentry","category-locales","category-policiales-locales"],"aioseo_notices":[],"gutentor_comment":0,"jetpack_featured_media_url":"https:\/\/eldiariodesanpedro.com.ar\/sitio\/wp-content\/uploads\/2018\/06\/image.png","jetpack_shortlink":"https:\/\/wp.me\/p6RhLt-8ZB","jetpack_sharing_enabled":true,"_links":{"self":[{"href":"https:\/\/eldiariodesanpedro.com.ar\/sitio\/wp-json\/wp\/v2\/posts\/34571","targetHints":{"allow":["GET"]}}],"collection":[{"href":"https:\/\/eldiariodesanpedro.com.ar\/sitio\/wp-json\/wp\/v2\/posts"}],"about":[{"href":"https:\/\/eldiariodesanpedro.com.ar\/sitio\/wp-json\/wp\/v2\/types\/post"}],"author":[{"embeddable":true,"href":"https:\/\/eldiariodesanpedro.com.ar\/sitio\/wp-json\/wp\/v2\/users\/4"}],"replies":[{"embeddable":true,"href":"https:\/\/eldiariodesanpedro.com.ar\/sitio\/wp-json\/wp\/v2\/comments?post=34571"}],"version-history":[{"count":1,"href":"https:\/\/eldiariodesanpedro.com.ar\/sitio\/wp-json\/wp\/v2\/posts\/34571\/revisions"}],"predecessor-version":[{"id":34573,"href":"https:\/\/eldiariodesanpedro.com.ar\/sitio\/wp-json\/wp\/v2\/posts\/34571\/revisions\/34573"}],"wp:featuredmedia":[{"embeddable":true,"href":"https:\/\/eldiariodesanpedro.com.ar\/sitio\/wp-json\/wp\/v2\/media\/34572"}],"wp:attachment":[{"href":"https:\/\/eldiariodesanpedro.com.ar\/sitio\/wp-json\/wp\/v2\/media?parent=34571"}],"wp:term":[{"taxonomy":"category","embeddable":true,"href":"https:\/\/eldiariodesanpedro.com.ar\/sitio\/wp-json\/wp\/v2\/categories?post=34571"},{"taxonomy":"post_tag","embeddable":true,"href":"https:\/\/eldiariodesanpedro.com.ar\/sitio\/wp-json\/wp\/v2\/tags?post=34571"}],"curies":[{"name":"wp","href":"https:\/\/api.w.org\/{rel}","templated":true}]}}