{"id":3457,"date":"2016-04-20T19:43:58","date_gmt":"2016-04-20T22:43:58","guid":{"rendered":"https:\/\/eldiariodesanpedro.com.ar\/sitio\/?p=3457"},"modified":"2016-04-20T19:43:58","modified_gmt":"2016-04-20T22:43:58","slug":"provincia-anuncia-inversion-por-1600-millones-para-equipar-a-la-policia","status":"publish","type":"post","link":"https:\/\/eldiariodesanpedro.com.ar\/sitio\/provincia-anuncia-inversion-por-1600-millones-para-equipar-a-la-policia\/","title":{"rendered":"Provincia anuncia inversi\u00f3n por $1600 millones para equipar a la Polic\u00eda"},"content":{"rendered":"<p><!-- VideographyWP Plugin Message: Automatic video embedding prevented by plugin options. --><br \/>\nEl Gobierno de Mar\u00eda Eugenia Vidal destinar\u00e1 unos 1.600 millones de pesos este a\u00f1o para equipar a la polic\u00eda Bonaerense con instrumentos de \u00faltima tecnolog\u00eda en la lucha contra el delito, como chalecos anti bala con micro chip, equipos de comunicaci\u00f3n encriptados, modernizaci\u00f3n del parque inform\u00e1tico de las comisar\u00edas y compra de veh\u00edculos blindados y scanners m\u00f3viles para detectar cargamentos de droga.<br \/>\nEl plan que se anunciar\u00e1 este mi\u00e9rcoles supone una duplicaci\u00f3n de la inversi\u00f3n en tecnolog\u00eda para la polic\u00eda provincial, que el a\u00f1o pasado alcanz\u00f3 los 740 millones de pesos, el monto m\u00e1s alto hasta entonces. Las nuevas herramientas estar\u00e1n disponibles para su uso en todo el territorio antes de fin de a\u00f1o, en un esquema gradual pero acelerado en virtud de la emergencia que rige en este \u00e1mbito, que permite acortar los tiempos administrativos de las compras de los diversos elementos.<br \/>\n\u201cJunto a la gobernadora tenemos el compromiso de que los polic\u00edas est\u00e9n equipados como corresponde, de que tengan todo lo que necesitan para trabajar, porque como ella dice, nosotros tenemos que cuidar a los que nos cuidan\u201d, dijo a la agencia DIB el ministro de Seguridad provincial, Cristian Ritondo, quien precis\u00f3 adem\u00e1s que la nueva tecnolog\u00eda llegar\u00e1 por igual al conurbano y al interior de la provincia.<\/p>\n","protected":false},"excerpt":{"rendered":"<p>El Gobierno de Mar\u00eda Eugenia Vidal destinar\u00e1 unos 1.600 millones de pesos este a\u00f1o para equipar a la polic\u00eda Bonaerense con instrumentos de \u00faltima tecnolog\u00eda en la lucha contra el delito, como chalecos anti bala con micro chip, equipos de comunicaci\u00f3n encriptados, modernizaci\u00f3n del parque inform\u00e1tico de las comisar\u00edas y compra de veh\u00edculos blindados y [&hellip;]<\/p>\n","protected":false},"author":4,"featured_media":3458,"comment_status":"open","ping_status":"closed","sticky":false,"template":"","format":"standard","meta":{"om_disable_all_campaigns":false,"_jetpack_memberships_contains_paid_content":false,"footnotes":""},"categories":[101,2],"tags":[],"class_list":["post-3457","post","type-post","status-publish","format-standard","has-post-thumbnail","hentry","category-interes-general-locales","category-locales"],"aioseo_notices":[],"gutentor_comment":0,"jetpack_featured_media_url":"https:\/\/eldiariodesanpedro.com.ar\/sitio\/wp-content\/uploads\/2016\/04\/policia-bonarense-610x380.jpg","jetpack_shortlink":"https:\/\/wp.me\/p6RhLt-TL","jetpack_sharing_enabled":true,"_links":{"self":[{"href":"https:\/\/eldiariodesanpedro.com.ar\/sitio\/wp-json\/wp\/v2\/posts\/3457","targetHints":{"allow":["GET"]}}],"collection":[{"href":"https:\/\/eldiariodesanpedro.com.ar\/sitio\/wp-json\/wp\/v2\/posts"}],"about":[{"href":"https:\/\/eldiariodesanpedro.com.ar\/sitio\/wp-json\/wp\/v2\/types\/post"}],"author":[{"embeddable":true,"href":"https:\/\/eldiariodesanpedro.com.ar\/sitio\/wp-json\/wp\/v2\/users\/4"}],"replies":[{"embeddable":true,"href":"https:\/\/eldiariodesanpedro.com.ar\/sitio\/wp-json\/wp\/v2\/comments?post=3457"}],"version-history":[{"count":1,"href":"https:\/\/eldiariodesanpedro.com.ar\/sitio\/wp-json\/wp\/v2\/posts\/3457\/revisions"}],"predecessor-version":[{"id":3459,"href":"https:\/\/eldiariodesanpedro.com.ar\/sitio\/wp-json\/wp\/v2\/posts\/3457\/revisions\/3459"}],"wp:featuredmedia":[{"embeddable":true,"href":"https:\/\/eldiariodesanpedro.com.ar\/sitio\/wp-json\/wp\/v2\/media\/3458"}],"wp:attachment":[{"href":"https:\/\/eldiariodesanpedro.com.ar\/sitio\/wp-json\/wp\/v2\/media?parent=3457"}],"wp:term":[{"taxonomy":"category","embeddable":true,"href":"https:\/\/eldiariodesanpedro.com.ar\/sitio\/wp-json\/wp\/v2\/categories?post=3457"},{"taxonomy":"post_tag","embeddable":true,"href":"https:\/\/eldiariodesanpedro.com.ar\/sitio\/wp-json\/wp\/v2\/tags?post=3457"}],"curies":[{"name":"wp","href":"https:\/\/api.w.org\/{rel}","templated":true}]}}