{"id":34569,"date":"2018-06-11T10:01:37","date_gmt":"2018-06-11T13:01:37","guid":{"rendered":"https:\/\/eldiariodesanpedro.com.ar\/sitio\/?p=34569"},"modified":"2018-06-11T10:01:37","modified_gmt":"2018-06-11T13:01:37","slug":"dos-jovenes-aprehendidos-por-apunalar-a-un-hombre-de-37-anos","status":"publish","type":"post","link":"https:\/\/eldiariodesanpedro.com.ar\/sitio\/dos-jovenes-aprehendidos-por-apunalar-a-un-hombre-de-37-anos\/","title":{"rendered":"Dos j\u00f3venes aprehendidos por apu\u00f1alar a un hombre de 37 a\u00f1os"},"content":{"rendered":"<p><!-- VideographyWP Plugin Message: Automatic video embedding prevented by plugin options. --><br \/>\nEl domingo por la tarde se procedi\u00f3 a la aprehensi\u00f3n de dos j\u00f3venes de 25 y otro de 22 a\u00f1os tras agredir con arma blanca a un hombre de 37 a\u00f1os quien se encuentra internado en terapia intensiva por corte en arteria femoral.<\/p>\n<p>Personal del destacamento de polic\u00eda de R\u00edo Tala el domingo por la tarde en calle G\u00fcemes y Rivadavia detuvieron a dos j\u00f3venes quienes agredieron  a un hombre de 37 a\u00f1os provocando un corte con arma blanca, en muslo izquierdo, siendo trasladado de urgencia al Hospital Emilio Ruffa de San Pedro donde fue intervenido quir\u00fargicamente por la importante lesi\u00f3n y continua internado en terapia intensiva por corte en arteria femoral.<\/p>\n<p>Personal policial tambi\u00e9n procedi\u00f3 al secuestro de un cuchillo. <\/p>\n","protected":false},"excerpt":{"rendered":"<p>El domingo por la tarde se procedi\u00f3 a la aprehensi\u00f3n de dos j\u00f3venes de 25 y otro de 22 a\u00f1os tras agredir con arma blanca a un hombre de 37 a\u00f1os quien se encuentra internado en terapia intensiva por corte en arteria femoral. Personal del destacamento de polic\u00eda de R\u00edo Tala el domingo por la [&hellip;]<\/p>\n","protected":false},"author":4,"featured_media":33688,"comment_status":"open","ping_status":"closed","sticky":false,"template":"","format":"standard","meta":{"om_disable_all_campaigns":false,"_jetpack_memberships_contains_paid_content":false,"footnotes":""},"categories":[2,103],"tags":[],"class_list":["post-34569","post","type-post","status-publish","format-standard","has-post-thumbnail","hentry","category-locales","category-policiales-locales"],"aioseo_notices":[],"gutentor_comment":0,"jetpack_featured_media_url":"https:\/\/eldiariodesanpedro.com.ar\/sitio\/wp-content\/uploads\/2018\/05\/detenidos-4.jpg","jetpack_shortlink":"https:\/\/wp.me\/p6RhLt-8Zz","jetpack_sharing_enabled":true,"_links":{"self":[{"href":"https:\/\/eldiariodesanpedro.com.ar\/sitio\/wp-json\/wp\/v2\/posts\/34569","targetHints":{"allow":["GET"]}}],"collection":[{"href":"https:\/\/eldiariodesanpedro.com.ar\/sitio\/wp-json\/wp\/v2\/posts"}],"about":[{"href":"https:\/\/eldiariodesanpedro.com.ar\/sitio\/wp-json\/wp\/v2\/types\/post"}],"author":[{"embeddable":true,"href":"https:\/\/eldiariodesanpedro.com.ar\/sitio\/wp-json\/wp\/v2\/users\/4"}],"replies":[{"embeddable":true,"href":"https:\/\/eldiariodesanpedro.com.ar\/sitio\/wp-json\/wp\/v2\/comments?post=34569"}],"version-history":[{"count":1,"href":"https:\/\/eldiariodesanpedro.com.ar\/sitio\/wp-json\/wp\/v2\/posts\/34569\/revisions"}],"predecessor-version":[{"id":34570,"href":"https:\/\/eldiariodesanpedro.com.ar\/sitio\/wp-json\/wp\/v2\/posts\/34569\/revisions\/34570"}],"wp:featuredmedia":[{"embeddable":true,"href":"https:\/\/eldiariodesanpedro.com.ar\/sitio\/wp-json\/wp\/v2\/media\/33688"}],"wp:attachment":[{"href":"https:\/\/eldiariodesanpedro.com.ar\/sitio\/wp-json\/wp\/v2\/media?parent=34569"}],"wp:term":[{"taxonomy":"category","embeddable":true,"href":"https:\/\/eldiariodesanpedro.com.ar\/sitio\/wp-json\/wp\/v2\/categories?post=34569"},{"taxonomy":"post_tag","embeddable":true,"href":"https:\/\/eldiariodesanpedro.com.ar\/sitio\/wp-json\/wp\/v2\/tags?post=34569"}],"curies":[{"name":"wp","href":"https:\/\/api.w.org\/{rel}","templated":true}]}}