{"id":34567,"date":"2018-06-11T09:52:05","date_gmt":"2018-06-11T12:52:05","guid":{"rendered":"https:\/\/eldiariodesanpedro.com.ar\/sitio\/?p=34567"},"modified":"2018-06-11T09:55:03","modified_gmt":"2018-06-11T12:55:03","slug":"dos-hermanos-internados-de-gravedad-tras-una-rina-callejera","status":"publish","type":"post","link":"https:\/\/eldiariodesanpedro.com.ar\/sitio\/dos-hermanos-internados-de-gravedad-tras-una-rina-callejera\/","title":{"rendered":"Dos hermanos internados de gravedad tras una ri\u00f1a callejera"},"content":{"rendered":"<p><!-- VideographyWP Plugin Message: Automatic video embedding prevented by plugin options. --><br \/>\nEl domingo de madrugada dos hermanos ingresaron a la guardia del hospital despu\u00e9s de haber presenciado una ri\u00f1a callejera donde ambos quedaron internados uno con hematoma en rostro y cabeza, el otro con fractura maxilo facial.<\/p>\n<p>El hecho se produjo en calle Las Provincias y Bozzano donde dos hermanos uno de 41 a\u00f1os de edad y otro de 30 al mantener una pelea callejera con otras personas quienes fueron agredidos presentando ambos lesiones de car\u00e1cter graves.<\/p>\n<p>Los hermanos fueron trasladados por el SAME a la guardia del hospital donde quedaron internados en terapia intermedia  presentando el joven de 30 a\u00f1os un  hematoma en rostro y cabeza, mientras que su hermano de 40  presenta fractura maxilo facial y TEC sin p\u00e9rdida de conocimiento.<\/p>\n<p>Los agresores seg\u00fan testigos fueron identificados y cuentan que uno de los hermanos mantuvo discusi\u00f3n con dos o tres personas en la v\u00eda p\u00fablica y al intervenir el de 40  resultaron los dos heridos. Interviene UFI N\u00b0 11 San Pedro.<\/p>\n","protected":false},"excerpt":{"rendered":"<p>El domingo de madrugada dos hermanos ingresaron a la guardia del hospital despu\u00e9s de haber presenciado una ri\u00f1a callejera donde ambos quedaron internados uno con hematoma en rostro y cabeza, el otro con fractura maxilo facial. El hecho se produjo en calle Las Provincias y Bozzano donde dos hermanos uno de 41 a\u00f1os de edad [&hellip;]<\/p>\n","protected":false},"author":4,"featured_media":25808,"comment_status":"open","ping_status":"closed","sticky":false,"template":"","format":"standard","meta":{"om_disable_all_campaigns":false,"_jetpack_memberships_contains_paid_content":false,"footnotes":""},"categories":[2,103],"tags":[],"class_list":["post-34567","post","type-post","status-publish","format-standard","has-post-thumbnail","hentry","category-locales","category-policiales-locales"],"aioseo_notices":[],"gutentor_comment":0,"jetpack_featured_media_url":"https:\/\/eldiariodesanpedro.com.ar\/sitio\/wp-content\/uploads\/2017\/11\/Los-accidentados-fueron-derivados-a-la-Guardia.jpg","jetpack_shortlink":"https:\/\/wp.me\/p6RhLt-8Zx","jetpack_sharing_enabled":true,"_links":{"self":[{"href":"https:\/\/eldiariodesanpedro.com.ar\/sitio\/wp-json\/wp\/v2\/posts\/34567","targetHints":{"allow":["GET"]}}],"collection":[{"href":"https:\/\/eldiariodesanpedro.com.ar\/sitio\/wp-json\/wp\/v2\/posts"}],"about":[{"href":"https:\/\/eldiariodesanpedro.com.ar\/sitio\/wp-json\/wp\/v2\/types\/post"}],"author":[{"embeddable":true,"href":"https:\/\/eldiariodesanpedro.com.ar\/sitio\/wp-json\/wp\/v2\/users\/4"}],"replies":[{"embeddable":true,"href":"https:\/\/eldiariodesanpedro.com.ar\/sitio\/wp-json\/wp\/v2\/comments?post=34567"}],"version-history":[{"count":1,"href":"https:\/\/eldiariodesanpedro.com.ar\/sitio\/wp-json\/wp\/v2\/posts\/34567\/revisions"}],"predecessor-version":[{"id":34568,"href":"https:\/\/eldiariodesanpedro.com.ar\/sitio\/wp-json\/wp\/v2\/posts\/34567\/revisions\/34568"}],"wp:featuredmedia":[{"embeddable":true,"href":"https:\/\/eldiariodesanpedro.com.ar\/sitio\/wp-json\/wp\/v2\/media\/25808"}],"wp:attachment":[{"href":"https:\/\/eldiariodesanpedro.com.ar\/sitio\/wp-json\/wp\/v2\/media?parent=34567"}],"wp:term":[{"taxonomy":"category","embeddable":true,"href":"https:\/\/eldiariodesanpedro.com.ar\/sitio\/wp-json\/wp\/v2\/categories?post=34567"},{"taxonomy":"post_tag","embeddable":true,"href":"https:\/\/eldiariodesanpedro.com.ar\/sitio\/wp-json\/wp\/v2\/tags?post=34567"}],"curies":[{"name":"wp","href":"https:\/\/api.w.org\/{rel}","templated":true}]}}