{"id":34564,"date":"2018-06-11T09:45:44","date_gmt":"2018-06-11T12:45:44","guid":{"rendered":"https:\/\/eldiariodesanpedro.com.ar\/sitio\/?p=34564"},"modified":"2018-06-11T09:45:44","modified_gmt":"2018-06-11T12:45:44","slug":"inta-san-pedro-la-experiencia-brasilena-en-la-produccion-agroecologica","status":"publish","type":"post","link":"https:\/\/eldiariodesanpedro.com.ar\/sitio\/inta-san-pedro-la-experiencia-brasilena-en-la-produccion-agroecologica\/","title":{"rendered":"INTA SAN PEDRO: La experiencia Brasile\u00f1a en la producci\u00f3n Agroecol\u00f3gica"},"content":{"rendered":"<p><!-- VideographyWP Plugin Message: Automatic video embedding prevented by plugin options. --><br \/>\nEn esta ocasi\u00f3n, Rog\u00e9rio Pereira Dias, quien estuvo al frente dela implementaci\u00f3n de las pol\u00edticas p\u00fablicas brasile\u00f1as para la agroecolog\u00eda y la producci\u00f3n org\u00e1nica, hablar\u00e1 de los principios de la producci\u00f3n agroecol\u00f3gica y la institucionalidad de apoyo; la gesti\u00f3n de la calidad e inocuidad, las buenas pr\u00e1cticas agr\u00edcolas, la disponibilidad y uso de bioinsumos.<\/p>\n<p>Tambi\u00e9n se referir\u00e1 a la importancia de la investigaci\u00f3n y la formaci\u00f3n, la promoci\u00f3n del consumo, los mercados de cercan\u00eda y las compras p\u00fablicas en el Brasil.<\/p>\n<p>La actividad se realizar\u00e1 en la planta baja de la sede de INTA ubicada en Chile 460, Ciudad de Buenos Aires, el martes 12 de junio de 9 a 12.30 hs<\/p>\n<p>Por favor, confirmar asistencia a deharo.augusto@inta.gob.ar o tomas.krotsch@iica.int<\/p>\n<p>Rog\u00e9rio Pereira Dias es ingeniero agr\u00f3nomo de la Universidad Federal de R\u00edo de Janeiro. Trabaj\u00f3 durante 35 a\u00f1os en el Ministerio de Agricultura de Brasil, donde por 20 a\u00f1os fue responsable del \u00e1rea de agroecolog\u00eda y producci\u00f3n org\u00e1nica. Fue coordinador del proceso de elaboraci\u00f3n e implementaci\u00f3n de legislaci\u00f3n brasilera para la producci\u00f3n org\u00e1nica y uno de los coordinadores de la Pol\u00edtica Nacional de Agroecolog\u00eda y Producci\u00f3n Org\u00e1nica. Particip\u00f3 en la creaci\u00f3n del Comit\u00e9 Interamericano de Agricultura Org\u00e1nica donde represent\u00f3 a Brasil hasta 2107.<br \/>\nEs productor org\u00e1nico desde hace 31 a\u00f1os, y vicepresidente por la Regi\u00f3n Centro-Oeste de la Asociaci\u00f3n Brasilera de Agroecolog\u00eda y representante de la misma en la c\u00e1mara tem\u00e1tica de agricultura org\u00e1nica del Ministerio de Agricultura de Brasil.<\/p>\n","protected":false},"excerpt":{"rendered":"<p>En esta ocasi\u00f3n, Rog\u00e9rio Pereira Dias, quien estuvo al frente dela implementaci\u00f3n de las pol\u00edticas p\u00fablicas brasile\u00f1as para la agroecolog\u00eda y la producci\u00f3n org\u00e1nica, hablar\u00e1 de los principios de la producci\u00f3n agroecol\u00f3gica y la institucionalidad de apoyo; la gesti\u00f3n de la calidad e inocuidad, las buenas pr\u00e1cticas agr\u00edcolas, la disponibilidad y uso de bioinsumos. Tambi\u00e9n [&hellip;]<\/p>\n","protected":false},"author":4,"featured_media":34565,"comment_status":"open","ping_status":"closed","sticky":false,"template":"","format":"standard","meta":{"om_disable_all_campaigns":false,"_jetpack_memberships_contains_paid_content":false,"footnotes":""},"categories":[101,2],"tags":[],"class_list":["post-34564","post","type-post","status-publish","format-standard","has-post-thumbnail","hentry","category-interes-general-locales","category-locales"],"aioseo_notices":[],"gutentor_comment":0,"jetpack_featured_media_url":"https:\/\/eldiariodesanpedro.com.ar\/sitio\/wp-content\/uploads\/2018\/06\/34091299_1085849101570302_7439512157064003584_n.jpg","jetpack_shortlink":"https:\/\/wp.me\/p6RhLt-8Zu","jetpack_sharing_enabled":true,"_links":{"self":[{"href":"https:\/\/eldiariodesanpedro.com.ar\/sitio\/wp-json\/wp\/v2\/posts\/34564","targetHints":{"allow":["GET"]}}],"collection":[{"href":"https:\/\/eldiariodesanpedro.com.ar\/sitio\/wp-json\/wp\/v2\/posts"}],"about":[{"href":"https:\/\/eldiariodesanpedro.com.ar\/sitio\/wp-json\/wp\/v2\/types\/post"}],"author":[{"embeddable":true,"href":"https:\/\/eldiariodesanpedro.com.ar\/sitio\/wp-json\/wp\/v2\/users\/4"}],"replies":[{"embeddable":true,"href":"https:\/\/eldiariodesanpedro.com.ar\/sitio\/wp-json\/wp\/v2\/comments?post=34564"}],"version-history":[{"count":1,"href":"https:\/\/eldiariodesanpedro.com.ar\/sitio\/wp-json\/wp\/v2\/posts\/34564\/revisions"}],"predecessor-version":[{"id":34566,"href":"https:\/\/eldiariodesanpedro.com.ar\/sitio\/wp-json\/wp\/v2\/posts\/34564\/revisions\/34566"}],"wp:featuredmedia":[{"embeddable":true,"href":"https:\/\/eldiariodesanpedro.com.ar\/sitio\/wp-json\/wp\/v2\/media\/34565"}],"wp:attachment":[{"href":"https:\/\/eldiariodesanpedro.com.ar\/sitio\/wp-json\/wp\/v2\/media?parent=34564"}],"wp:term":[{"taxonomy":"category","embeddable":true,"href":"https:\/\/eldiariodesanpedro.com.ar\/sitio\/wp-json\/wp\/v2\/categories?post=34564"},{"taxonomy":"post_tag","embeddable":true,"href":"https:\/\/eldiariodesanpedro.com.ar\/sitio\/wp-json\/wp\/v2\/tags?post=34564"}],"curies":[{"name":"wp","href":"https:\/\/api.w.org\/{rel}","templated":true}]}}