{"id":34559,"date":"2018-06-10T20:48:42","date_gmt":"2018-06-10T23:48:42","guid":{"rendered":"https:\/\/eldiariodesanpedro.com.ar\/sitio\/?p=34559"},"modified":"2026-01-24T00:13:29","modified_gmt":"2026-01-24T03:13:29","slug":"futbol-del-interior-capacitacion-para-las-ligas-de-futbol-del-nuevo-sistema-de-registro-unico-de-datos","status":"publish","type":"post","link":"https:\/\/eldiariodesanpedro.com.ar\/sitio\/futbol-del-interior-capacitacion-para-las-ligas-de-futbol-del-nuevo-sistema-de-registro-unico-de-datos\/","title":{"rendered":"F\u00daTBOL DEL INTERIOR: Capacitaci\u00f3n para las ligas de f\u00fatbol del nuevo sistema de registro \u00fanico de datos"},"content":{"rendered":"<p><!-- VideographyWP Plugin Message: Automatic video embedding prevented by plugin options. --><br \/>\nEl pasado s\u00e1bado en la Liga Deportiva Sampedrina se llev\u00f3 a cabo una charla de capacitaci\u00f3n del nuevo sistema y \u00fanico de jugadores, \u00e1rbitros, clubes, ligas o asociaciones a nivel Mundial denominado \u201cComet\u201d.<\/p>\n<p>  A cargo de integrantes del Consejo Federal, personal de Registro de Jugadores de AFA y de Sistema del ente rector del f\u00fatbol argentino durante cuatro horas estuvieron despejando dudas y asesoramiento a las Ligas de F\u00fatbol de Baradero, Chacabuco, Rojas, Col\u00f3n, San Antonio de Areco, Chivilcoy, Hurlingham y San Pedro, quienes estuvieron en su mayor\u00eda representativos por los administrativos de cada una, adem\u00e1s de Federaci\u00f3n Norte de F\u00fatbol, representado por su Vicepresidente Juan J. Bruno.<\/p>\n<p>  Cabe resaltar que la Liga de San Pedro y de Baradero fueron de los primeros de 240 ligas que tiene el pa\u00eds en comenzar a cargar datos en dicho sistema en el a\u00f1o 2015, y ambas en la actualidad se encuentran trabajando para cargar las fotos, de all\u00ed se har\u00e1 el nuevo carn\u00e9 de jugador y cuerpo t\u00e9cnico que se utilizar\u00e1 en el certamen local para la pr\u00f3xima temporada.<\/p>\n<p>  Para el a\u00f1o 2019 todo tr\u00e1mite administrativo (pases, registro de jugador, etc.) se har\u00e1 exclusivamente a traves del sistema, por ello los cursos de capacitaci\u00f3n a Ligas (el de San Pedro fue el sexto brindado por AFA en lo que va del a\u00f1o).<\/p>\n<p>  El sistema Comet es uno de los tantos requisitos para ligas y clubes de poder participar en la temporada 2019 en el nuevo \u201cRegional Amateur\u201d del Consejo Federal.<\/p>\n","protected":false},"excerpt":{"rendered":"<p>El pasado s\u00e1bado en la Liga Deportiva Sampedrina se llev\u00f3 a cabo una charla de capacitaci\u00f3n del nuevo sistema y \u00fanico de jugadores, \u00e1rbitros, clubes, ligas o asociaciones a nivel Mundial denominado \u201cComet\u201d. A cargo de integrantes del Consejo Federal, personal de Registro de Jugadores de AFA y de Sistema del ente rector del f\u00fatbol [&hellip;]<\/p>\n","protected":false},"author":4,"featured_media":34561,"comment_status":"open","ping_status":"closed","sticky":false,"template":"","format":"standard","meta":{"om_disable_all_campaigns":false,"_jetpack_memberships_contains_paid_content":false,"footnotes":""},"categories":[5],"tags":[],"class_list":["post-34559","post","type-post","status-publish","format-standard","has-post-thumbnail","hentry","category-deportes"],"aioseo_notices":[],"gutentor_comment":0,"jetpack_featured_media_url":"https:\/\/eldiariodesanpedro.com.ar\/sitio\/wp-content\/uploads\/2018\/06\/Capacitaci\u00f3n-para-las-ligas-de-f\u00fatbol-del-nuevo-sistema-de-registro-\u00fanico-de-datos.jpg","jetpack_shortlink":"https:\/\/wp.me\/p6RhLt-8Zp","jetpack_sharing_enabled":true,"_links":{"self":[{"href":"https:\/\/eldiariodesanpedro.com.ar\/sitio\/wp-json\/wp\/v2\/posts\/34559","targetHints":{"allow":["GET"]}}],"collection":[{"href":"https:\/\/eldiariodesanpedro.com.ar\/sitio\/wp-json\/wp\/v2\/posts"}],"about":[{"href":"https:\/\/eldiariodesanpedro.com.ar\/sitio\/wp-json\/wp\/v2\/types\/post"}],"author":[{"embeddable":true,"href":"https:\/\/eldiariodesanpedro.com.ar\/sitio\/wp-json\/wp\/v2\/users\/4"}],"replies":[{"embeddable":true,"href":"https:\/\/eldiariodesanpedro.com.ar\/sitio\/wp-json\/wp\/v2\/comments?post=34559"}],"version-history":[{"count":1,"href":"https:\/\/eldiariodesanpedro.com.ar\/sitio\/wp-json\/wp\/v2\/posts\/34559\/revisions"}],"predecessor-version":[{"id":34563,"href":"https:\/\/eldiariodesanpedro.com.ar\/sitio\/wp-json\/wp\/v2\/posts\/34559\/revisions\/34563"}],"wp:featuredmedia":[{"embeddable":true,"href":"https:\/\/eldiariodesanpedro.com.ar\/sitio\/wp-json\/wp\/v2\/media\/34561"}],"wp:attachment":[{"href":"https:\/\/eldiariodesanpedro.com.ar\/sitio\/wp-json\/wp\/v2\/media?parent=34559"}],"wp:term":[{"taxonomy":"category","embeddable":true,"href":"https:\/\/eldiariodesanpedro.com.ar\/sitio\/wp-json\/wp\/v2\/categories?post=34559"},{"taxonomy":"post_tag","embeddable":true,"href":"https:\/\/eldiariodesanpedro.com.ar\/sitio\/wp-json\/wp\/v2\/tags?post=34559"}],"curies":[{"name":"wp","href":"https:\/\/api.w.org\/{rel}","templated":true}]}}