{"id":34555,"date":"2018-06-10T20:48:16","date_gmt":"2018-06-10T23:48:16","guid":{"rendered":"https:\/\/eldiariodesanpedro.com.ar\/sitio\/?p=34555"},"modified":"2026-01-24T00:13:29","modified_gmt":"2026-01-24T03:13:29","slug":"boxeo-gutierrez-se-impuso-a-soto-por-ko-en-la-velada-que-se-realizo-en-el-gimnasio-municipal","status":"publish","type":"post","link":"https:\/\/eldiariodesanpedro.com.ar\/sitio\/boxeo-gutierrez-se-impuso-a-soto-por-ko-en-la-velada-que-se-realizo-en-el-gimnasio-municipal\/","title":{"rendered":"BOXEO: Guti\u00e9rrez se impuso a Soto por KO en la velada que se realiz\u00f3 en el Gimnasio Municipal"},"content":{"rendered":"<p><!-- VideographyWP Plugin Message: Automatic video embedding prevented by plugin options. --><br \/>\n  Con la organizaci\u00f3n de Vargas GyM el pasado viernes hubo boxeo en nuestra ciudad, con combates entre aficionados y una profesional con dos p\u00fagiles de nuestra ciudad. A pesar de la fr\u00eda noche, un buen n\u00famero de espectadores acompa\u00f1\u00f3 la velada y estos todos los resultados:<\/p>\n<p>  En el combate principal, Mart\u00edn Guti\u00e9rrez (6-1-0, 2KO) le gan\u00f3 por KO 2\u00b0 rounds a Ariel Soto (4-21-0) en pelea entre sampedrinos, con una perfecta definici\u00f3n, luego de una izquierda que entrara en la zona alta y desestabilizara a Soto, logrando este ponerse de pie, cuando parec\u00eda recuperado fue a un intenso intercambio de golpes recibiendo una derecha justa en la barbilla para caer y a pesar de levantarse el \u00e1rbitro atinadamente no le dio el pase para continuar por estar sentido.<\/p>\n<p><strong>Preliminares a 3 rounds, aficionados<\/strong><br \/>\nJos\u00e9 Villalba (Club Talense R\u00edo Tala) Gan\u00f3 por puntos a Axel Caba\u00f1a (San Pedro)<br \/>\nUriel Ferreyra (Club Talense R\u00edo Tala) empat\u00f3 ante Tob\u00edas Calveras (San Pedro)<br \/>\nBruno Vera (Club Talense R\u00edo Tala) empate con Jonathan Quintana (San Pedro)<br \/>\nGonzalo Panelo (San Pedro) perdi\u00f3 por KO con Jos\u00e9 Barreto (Arrecifes)<br \/>\nAbraham Ferreyra (San Pedro) Gan\u00f3 por puntos a Dylan Ram\u00edrez (Ramallo)<br \/>\nDaniel D\u00edaz (Arrecifes) perdi\u00f3 por puntos antes Enrique Polietileno (Ramallo)<br \/>\nEmir Marelli (San Pedro) empat\u00f3 ante Mart\u00edn Herrera (Arrecifes)<br \/>\nCarlos Ruiz (San Pedro Gan\u00f3 por puntos a Alex Olivera (San Pedro)  <\/p>\n","protected":false},"excerpt":{"rendered":"<p>Con la organizaci\u00f3n de Vargas GyM el pasado viernes hubo boxeo en nuestra ciudad, con combates entre aficionados y una profesional con dos p\u00fagiles de nuestra ciudad. A pesar de la fr\u00eda noche, un buen n\u00famero de espectadores acompa\u00f1\u00f3 la velada y estos todos los resultados: En el combate principal, Mart\u00edn Guti\u00e9rrez (6-1-0, 2KO) le [&hellip;]<\/p>\n","protected":false},"author":4,"featured_media":5515,"comment_status":"open","ping_status":"closed","sticky":false,"template":"","format":"standard","meta":{"om_disable_all_campaigns":false,"_jetpack_memberships_contains_paid_content":false,"footnotes":""},"categories":[5],"tags":[],"class_list":["post-34555","post","type-post","status-publish","format-standard","has-post-thumbnail","hentry","category-deportes"],"aioseo_notices":[],"gutentor_comment":0,"jetpack_featured_media_url":"https:\/\/eldiariodesanpedro.com.ar\/sitio\/wp-content\/uploads\/2016\/06\/boxeo.jpg","jetpack_shortlink":"https:\/\/wp.me\/p6RhLt-8Zl","jetpack_sharing_enabled":true,"_links":{"self":[{"href":"https:\/\/eldiariodesanpedro.com.ar\/sitio\/wp-json\/wp\/v2\/posts\/34555","targetHints":{"allow":["GET"]}}],"collection":[{"href":"https:\/\/eldiariodesanpedro.com.ar\/sitio\/wp-json\/wp\/v2\/posts"}],"about":[{"href":"https:\/\/eldiariodesanpedro.com.ar\/sitio\/wp-json\/wp\/v2\/types\/post"}],"author":[{"embeddable":true,"href":"https:\/\/eldiariodesanpedro.com.ar\/sitio\/wp-json\/wp\/v2\/users\/4"}],"replies":[{"embeddable":true,"href":"https:\/\/eldiariodesanpedro.com.ar\/sitio\/wp-json\/wp\/v2\/comments?post=34555"}],"version-history":[{"count":1,"href":"https:\/\/eldiariodesanpedro.com.ar\/sitio\/wp-json\/wp\/v2\/posts\/34555\/revisions"}],"predecessor-version":[{"id":34562,"href":"https:\/\/eldiariodesanpedro.com.ar\/sitio\/wp-json\/wp\/v2\/posts\/34555\/revisions\/34562"}],"wp:featuredmedia":[{"embeddable":true,"href":"https:\/\/eldiariodesanpedro.com.ar\/sitio\/wp-json\/wp\/v2\/media\/5515"}],"wp:attachment":[{"href":"https:\/\/eldiariodesanpedro.com.ar\/sitio\/wp-json\/wp\/v2\/media?parent=34555"}],"wp:term":[{"taxonomy":"category","embeddable":true,"href":"https:\/\/eldiariodesanpedro.com.ar\/sitio\/wp-json\/wp\/v2\/categories?post=34555"},{"taxonomy":"post_tag","embeddable":true,"href":"https:\/\/eldiariodesanpedro.com.ar\/sitio\/wp-json\/wp\/v2\/tags?post=34555"}],"curies":[{"name":"wp","href":"https:\/\/api.w.org\/{rel}","templated":true}]}}