{"id":34552,"date":"2018-06-10T20:42:12","date_gmt":"2018-06-10T23:42:12","guid":{"rendered":"https:\/\/eldiariodesanpedro.com.ar\/sitio\/?p=34552"},"modified":"2026-01-24T00:13:29","modified_gmt":"2026-01-24T03:13:29","slug":"natacion-fernando-bennazar-en-espana","status":"publish","type":"post","link":"https:\/\/eldiariodesanpedro.com.ar\/sitio\/natacion-fernando-bennazar-en-espana\/","title":{"rendered":"Nataci\u00f3n: Fernando Bennazar en Espa\u00f1a"},"content":{"rendered":"<p><!-- VideographyWP Plugin Message: Automatic video embedding prevented by plugin options. --><br \/>\n  Fernando Bennazar representando al CNSP complet\u00f3 su participaci\u00f3n en tres pruebas de alto nivel en Mallorca.<br \/>\n  El 27 de mayo particip\u00f3 de una de 5K en la que fue primero en su categor\u00eda con un tiempo de una 1h17&#8242;. Dos d\u00edas despu\u00e9s hizo lo propio en una de 1.5k en la que fue segundo en su categor\u00eda con 20&#8217;40\u00bb y, finalmente, el d\u00eda 31 disput\u00f3 una de 10k en la que fue 3\u00b0 con un tiempo de 2h45&#8242;. <\/p>\n","protected":false},"excerpt":{"rendered":"<p>Fernando Bennazar representando al CNSP complet\u00f3 su participaci\u00f3n en tres pruebas de alto nivel en Mallorca. El 27 de mayo particip\u00f3 de una de 5K en la que fue primero en su categor\u00eda con un tiempo de una 1h17&#8242;. Dos d\u00edas despu\u00e9s hizo lo propio en una de 1.5k en la que fue segundo en [&hellip;]<\/p>\n","protected":false},"author":4,"featured_media":17323,"comment_status":"open","ping_status":"closed","sticky":false,"template":"","format":"standard","meta":{"om_disable_all_campaigns":false,"_jetpack_memberships_contains_paid_content":false,"footnotes":""},"categories":[5],"tags":[],"class_list":["post-34552","post","type-post","status-publish","format-standard","has-post-thumbnail","hentry","category-deportes"],"aioseo_notices":[],"gutentor_comment":0,"jetpack_featured_media_url":"https:\/\/eldiariodesanpedro.com.ar\/sitio\/wp-content\/uploads\/2017\/04\/fernando-bennazar-2.jpg","jetpack_shortlink":"https:\/\/wp.me\/p6RhLt-8Zi","jetpack_sharing_enabled":true,"_links":{"self":[{"href":"https:\/\/eldiariodesanpedro.com.ar\/sitio\/wp-json\/wp\/v2\/posts\/34552","targetHints":{"allow":["GET"]}}],"collection":[{"href":"https:\/\/eldiariodesanpedro.com.ar\/sitio\/wp-json\/wp\/v2\/posts"}],"about":[{"href":"https:\/\/eldiariodesanpedro.com.ar\/sitio\/wp-json\/wp\/v2\/types\/post"}],"author":[{"embeddable":true,"href":"https:\/\/eldiariodesanpedro.com.ar\/sitio\/wp-json\/wp\/v2\/users\/4"}],"replies":[{"embeddable":true,"href":"https:\/\/eldiariodesanpedro.com.ar\/sitio\/wp-json\/wp\/v2\/comments?post=34552"}],"version-history":[{"count":1,"href":"https:\/\/eldiariodesanpedro.com.ar\/sitio\/wp-json\/wp\/v2\/posts\/34552\/revisions"}],"predecessor-version":[{"id":34557,"href":"https:\/\/eldiariodesanpedro.com.ar\/sitio\/wp-json\/wp\/v2\/posts\/34552\/revisions\/34557"}],"wp:featuredmedia":[{"embeddable":true,"href":"https:\/\/eldiariodesanpedro.com.ar\/sitio\/wp-json\/wp\/v2\/media\/17323"}],"wp:attachment":[{"href":"https:\/\/eldiariodesanpedro.com.ar\/sitio\/wp-json\/wp\/v2\/media?parent=34552"}],"wp:term":[{"taxonomy":"category","embeddable":true,"href":"https:\/\/eldiariodesanpedro.com.ar\/sitio\/wp-json\/wp\/v2\/categories?post=34552"},{"taxonomy":"post_tag","embeddable":true,"href":"https:\/\/eldiariodesanpedro.com.ar\/sitio\/wp-json\/wp\/v2\/tags?post=34552"}],"curies":[{"name":"wp","href":"https:\/\/api.w.org\/{rel}","templated":true}]}}