{"id":34542,"date":"2018-06-10T20:29:52","date_gmt":"2018-06-10T23:29:52","guid":{"rendered":"https:\/\/eldiariodesanpedro.com.ar\/sitio\/?p=34542"},"modified":"2018-06-10T20:29:52","modified_gmt":"2018-06-10T23:29:52","slug":"zarate-encuentran-un-cuerpo-calcinado","status":"publish","type":"post","link":"https:\/\/eldiariodesanpedro.com.ar\/sitio\/zarate-encuentran-un-cuerpo-calcinado\/","title":{"rendered":"Z\u00c1RATE: Encuentran un cuerpo calcinado"},"content":{"rendered":"<p><!-- VideographyWP Plugin Message: Automatic video embedding prevented by plugin options. --><br \/>\nUn llamado al 911 alert\u00f3 sobre la presencia de un cuerpo en un predio de la calle Larrea al 3000 de Z\u00e1rate. Personal del Comando de Patrulla se hizo presente en el lugar y tras entrevistarse con los vecinos, ingresaron al predio encontr\u00e1ndose con un cuerpo sin vida y totalmente calcinado sobre un fog\u00f3n improvisado.<\/p>\n<p>  Los testimonios se\u00f1alaron que la v\u00edctima de nacionalidad uruguaya e identificado como Jos\u00e9 Ider Quintana Posse, ten\u00eda problemas con el alcohol y era card\u00edaco por lo que una de las hip\u00f3tesis que se manejan es que pudo haber sufrido una indisposici\u00f3n cayendo sobre el fuego encendido para un asado.<\/p>\n<p>  Los oficiales no advirtieron se\u00f1as de violencia o de robo en la precaria vivienda.<\/p>\n<p>  Efectivos de Polic\u00eda Local y Bomberos Voluntarios asistieron en el sitio.<\/p>\n<p>Fuente: Enlace Cr\u00edtico<\/p>\n","protected":false},"excerpt":{"rendered":"<p>Un llamado al 911 alert\u00f3 sobre la presencia de un cuerpo en un predio de la calle Larrea al 3000 de Z\u00e1rate. Personal del Comando de Patrulla se hizo presente en el lugar y tras entrevistarse con los vecinos, ingresaron al predio encontr\u00e1ndose con un cuerpo sin vida y totalmente calcinado sobre un fog\u00f3n improvisado. [&hellip;]<\/p>\n","protected":false},"author":4,"featured_media":34543,"comment_status":"open","ping_status":"closed","sticky":false,"template":"","format":"standard","meta":{"om_disable_all_campaigns":false,"_jetpack_memberships_contains_paid_content":false,"footnotes":""},"categories":[621],"tags":[],"class_list":["post-34542","post","type-post","status-publish","format-standard","has-post-thumbnail","hentry","category-regionales"],"aioseo_notices":[],"gutentor_comment":0,"jetpack_featured_media_url":"https:\/\/eldiariodesanpedro.com.ar\/sitio\/wp-content\/uploads\/2018\/06\/La-Polic\u00eda-se-encontr\u00f3-con-un-cuerpo-sin-vida-calcinado.jpg","jetpack_shortlink":"https:\/\/wp.me\/p6RhLt-8Z8","jetpack_sharing_enabled":true,"_links":{"self":[{"href":"https:\/\/eldiariodesanpedro.com.ar\/sitio\/wp-json\/wp\/v2\/posts\/34542","targetHints":{"allow":["GET"]}}],"collection":[{"href":"https:\/\/eldiariodesanpedro.com.ar\/sitio\/wp-json\/wp\/v2\/posts"}],"about":[{"href":"https:\/\/eldiariodesanpedro.com.ar\/sitio\/wp-json\/wp\/v2\/types\/post"}],"author":[{"embeddable":true,"href":"https:\/\/eldiariodesanpedro.com.ar\/sitio\/wp-json\/wp\/v2\/users\/4"}],"replies":[{"embeddable":true,"href":"https:\/\/eldiariodesanpedro.com.ar\/sitio\/wp-json\/wp\/v2\/comments?post=34542"}],"version-history":[{"count":1,"href":"https:\/\/eldiariodesanpedro.com.ar\/sitio\/wp-json\/wp\/v2\/posts\/34542\/revisions"}],"predecessor-version":[{"id":34545,"href":"https:\/\/eldiariodesanpedro.com.ar\/sitio\/wp-json\/wp\/v2\/posts\/34542\/revisions\/34545"}],"wp:featuredmedia":[{"embeddable":true,"href":"https:\/\/eldiariodesanpedro.com.ar\/sitio\/wp-json\/wp\/v2\/media\/34543"}],"wp:attachment":[{"href":"https:\/\/eldiariodesanpedro.com.ar\/sitio\/wp-json\/wp\/v2\/media?parent=34542"}],"wp:term":[{"taxonomy":"category","embeddable":true,"href":"https:\/\/eldiariodesanpedro.com.ar\/sitio\/wp-json\/wp\/v2\/categories?post=34542"},{"taxonomy":"post_tag","embeddable":true,"href":"https:\/\/eldiariodesanpedro.com.ar\/sitio\/wp-json\/wp\/v2\/tags?post=34542"}],"curies":[{"name":"wp","href":"https:\/\/api.w.org\/{rel}","templated":true}]}}