{"id":34539,"date":"2018-06-10T20:29:54","date_gmt":"2018-06-10T23:29:54","guid":{"rendered":"https:\/\/eldiariodesanpedro.com.ar\/sitio\/?p=34539"},"modified":"2018-06-10T20:29:54","modified_gmt":"2018-06-10T23:29:54","slug":"baradero-tras-la-advertencia-del-tribunal-de-cuentas-carossi-cargo-contra-antonijevic","status":"publish","type":"post","link":"https:\/\/eldiariodesanpedro.com.ar\/sitio\/baradero-tras-la-advertencia-del-tribunal-de-cuentas-carossi-cargo-contra-antonijevic\/","title":{"rendered":"BARADERO: Tras la advertencia del Tribunal De Cuentas, Carossi carg\u00f3 contra Antonijevic"},"content":{"rendered":"<p><!-- VideographyWP Plugin Message: Automatic video embedding prevented by plugin options. --><br \/>\nEl ex jefe comunal, Aldo Carossi, apunt\u00f3 duramente contra la actual intendente de Baradero, Fernanda Antonijevic.<\/p>\n<p>  Luego de la advertencia del Tribunal de Cuentas de la provincia de Buenos Aires hacia el gobierno de Antonijevic, el ex jefe comunal Aldo Carossi se despach\u00f3 con todo.<\/p>\n<p>  Al respecto, el otrora intendente baraderense sostuvo que \u201cEsta maniobra que venimos denunciando hace rato de poder fraccionar las licitaciones para salir y adjurar en forma directa. Si le\u00e9s el fallo, el Tribunal observa eso. No s\u00f3lo violaron la licitaci\u00f3n p\u00fablica sino que, la han adjudicado en forma directa y a la misma empresa\u201d.<br \/>\n  Han optado por ese camino y en realidad, estamos hablando de un problema expresamente vedado y duramente castigado por la Carta Org\u00e1nica de las municipalidades\u201d, a\u00f1adi\u00f3 el peronista.<\/p>\n<p>  En di\u00e1logo con \u2018FM del Cielo\u2019 Carossi recalc\u00f3: \u201cEsto no se puede ni se debe hacer. Yo creo que van a tener problemas. El Tribunal les dio una soguita, en lugar de obligarlos a hacerse cargo, tir\u00f3 para que sigan investigando y les pedale\u00f3 para un a\u00f1o la sanci\u00f3n, pero no se salvan ni por casualidad\u201d.<\/p>\n<p>Fuente: Grupo La Provincia<\/p>\n","protected":false},"excerpt":{"rendered":"<p>El ex jefe comunal, Aldo Carossi, apunt\u00f3 duramente contra la actual intendente de Baradero, Fernanda Antonijevic. Luego de la advertencia del Tribunal de Cuentas de la provincia de Buenos Aires hacia el gobierno de Antonijevic, el ex jefe comunal Aldo Carossi se despach\u00f3 con todo. Al respecto, el otrora intendente baraderense sostuvo que \u201cEsta maniobra [&hellip;]<\/p>\n","protected":false},"author":4,"featured_media":34541,"comment_status":"open","ping_status":"closed","sticky":false,"template":"","format":"standard","meta":{"om_disable_all_campaigns":false,"_jetpack_memberships_contains_paid_content":false,"footnotes":""},"categories":[621],"tags":[],"class_list":["post-34539","post","type-post","status-publish","format-standard","has-post-thumbnail","hentry","category-regionales"],"aioseo_notices":[],"gutentor_comment":0,"jetpack_featured_media_url":"https:\/\/eldiariodesanpedro.com.ar\/sitio\/wp-content\/uploads\/2018\/06\/Aldo-Carossi.jpg","jetpack_shortlink":"https:\/\/wp.me\/p6RhLt-8Z5","jetpack_sharing_enabled":true,"_links":{"self":[{"href":"https:\/\/eldiariodesanpedro.com.ar\/sitio\/wp-json\/wp\/v2\/posts\/34539","targetHints":{"allow":["GET"]}}],"collection":[{"href":"https:\/\/eldiariodesanpedro.com.ar\/sitio\/wp-json\/wp\/v2\/posts"}],"about":[{"href":"https:\/\/eldiariodesanpedro.com.ar\/sitio\/wp-json\/wp\/v2\/types\/post"}],"author":[{"embeddable":true,"href":"https:\/\/eldiariodesanpedro.com.ar\/sitio\/wp-json\/wp\/v2\/users\/4"}],"replies":[{"embeddable":true,"href":"https:\/\/eldiariodesanpedro.com.ar\/sitio\/wp-json\/wp\/v2\/comments?post=34539"}],"version-history":[{"count":1,"href":"https:\/\/eldiariodesanpedro.com.ar\/sitio\/wp-json\/wp\/v2\/posts\/34539\/revisions"}],"predecessor-version":[{"id":34544,"href":"https:\/\/eldiariodesanpedro.com.ar\/sitio\/wp-json\/wp\/v2\/posts\/34539\/revisions\/34544"}],"wp:featuredmedia":[{"embeddable":true,"href":"https:\/\/eldiariodesanpedro.com.ar\/sitio\/wp-json\/wp\/v2\/media\/34541"}],"wp:attachment":[{"href":"https:\/\/eldiariodesanpedro.com.ar\/sitio\/wp-json\/wp\/v2\/media?parent=34539"}],"wp:term":[{"taxonomy":"category","embeddable":true,"href":"https:\/\/eldiariodesanpedro.com.ar\/sitio\/wp-json\/wp\/v2\/categories?post=34539"},{"taxonomy":"post_tag","embeddable":true,"href":"https:\/\/eldiariodesanpedro.com.ar\/sitio\/wp-json\/wp\/v2\/tags?post=34539"}],"curies":[{"name":"wp","href":"https:\/\/api.w.org\/{rel}","templated":true}]}}