{"id":34536,"date":"2018-06-10T20:23:03","date_gmt":"2018-06-10T23:23:03","guid":{"rendered":"https:\/\/eldiariodesanpedro.com.ar\/sitio\/?p=34536"},"modified":"2018-06-10T20:23:03","modified_gmt":"2018-06-10T23:23:03","slug":"campana-perdio-el-control-y-termino-sobre-el-guardarrail","status":"publish","type":"post","link":"https:\/\/eldiariodesanpedro.com.ar\/sitio\/campana-perdio-el-control-y-termino-sobre-el-guardarrail\/","title":{"rendered":"CAMPANA: Perdi\u00f3 el control y termin\u00f3 sobre el guardarra\u00edl"},"content":{"rendered":"<p><!-- VideographyWP Plugin Message: Automatic video embedding prevented by plugin options. --><br \/>\nUna camioneta derrap\u00f3 en el acceso al barrio Villanueva, por Autov\u00eda 6. El veh\u00edculo sali\u00f3 despedido y termin\u00f3 sobre la contenci\u00f3n. No hubo heridos, aunque una mujer que iba como acompa\u00f1ante sufri\u00f3 una crisis nerviosa.<\/p>\n<p>  En horas de la tarde de ayer, una camioneta sali\u00f3 despedida de la autov\u00eda 6 cuando transitaba por el acceso al barrio Villanueva.<\/p>\n<p>  Precisamente por la rotonda de acceso a dicho barrio, una Renault Duster intent\u00f3 frenar para ingresar al mismo, derrapando sobre piedras y arenilla que permanentemente hay en el lugar. <\/p>\n<p>  El conductor del veh\u00edculo, Gast\u00f3n Montiel, perdi\u00f3 el control y termin\u00f3 mont\u00e1ndose sobre el guardarra\u00edl. Por fortuna, no hubo heridos. Aunque su acompa\u00f1ante sufri\u00f3 una crisis nerviosa. <\/p>\n<p>  El m\u00f3vil del Comando Patrulla correspondiente a la Zona 3 brind\u00f3 asistencia en el lugar.<\/p>\n<p>Fuente: Campana Noticias<\/p>\n","protected":false},"excerpt":{"rendered":"<p>Una camioneta derrap\u00f3 en el acceso al barrio Villanueva, por Autov\u00eda 6. El veh\u00edculo sali\u00f3 despedido y termin\u00f3 sobre la contenci\u00f3n. No hubo heridos, aunque una mujer que iba como acompa\u00f1ante sufri\u00f3 una crisis nerviosa. En horas de la tarde de ayer, una camioneta sali\u00f3 despedida de la autov\u00eda 6 cuando transitaba por el acceso [&hellip;]<\/p>\n","protected":false},"author":4,"featured_media":34538,"comment_status":"open","ping_status":"closed","sticky":false,"template":"","format":"standard","meta":{"om_disable_all_campaigns":false,"_jetpack_memberships_contains_paid_content":false,"footnotes":""},"categories":[621],"tags":[],"class_list":["post-34536","post","type-post","status-publish","format-standard","has-post-thumbnail","hentry","category-regionales"],"aioseo_notices":[],"gutentor_comment":0,"jetpack_featured_media_url":"https:\/\/eldiariodesanpedro.com.ar\/sitio\/wp-content\/uploads\/2018\/06\/Perdi\u00f3-el-control-y-termin\u00f3-sobre-el-guardarra\u00edl.jpg","jetpack_shortlink":"https:\/\/wp.me\/p6RhLt-8Z2","jetpack_sharing_enabled":true,"_links":{"self":[{"href":"https:\/\/eldiariodesanpedro.com.ar\/sitio\/wp-json\/wp\/v2\/posts\/34536","targetHints":{"allow":["GET"]}}],"collection":[{"href":"https:\/\/eldiariodesanpedro.com.ar\/sitio\/wp-json\/wp\/v2\/posts"}],"about":[{"href":"https:\/\/eldiariodesanpedro.com.ar\/sitio\/wp-json\/wp\/v2\/types\/post"}],"author":[{"embeddable":true,"href":"https:\/\/eldiariodesanpedro.com.ar\/sitio\/wp-json\/wp\/v2\/users\/4"}],"replies":[{"embeddable":true,"href":"https:\/\/eldiariodesanpedro.com.ar\/sitio\/wp-json\/wp\/v2\/comments?post=34536"}],"version-history":[{"count":1,"href":"https:\/\/eldiariodesanpedro.com.ar\/sitio\/wp-json\/wp\/v2\/posts\/34536\/revisions"}],"predecessor-version":[{"id":34540,"href":"https:\/\/eldiariodesanpedro.com.ar\/sitio\/wp-json\/wp\/v2\/posts\/34536\/revisions\/34540"}],"wp:featuredmedia":[{"embeddable":true,"href":"https:\/\/eldiariodesanpedro.com.ar\/sitio\/wp-json\/wp\/v2\/media\/34538"}],"wp:attachment":[{"href":"https:\/\/eldiariodesanpedro.com.ar\/sitio\/wp-json\/wp\/v2\/media?parent=34536"}],"wp:term":[{"taxonomy":"category","embeddable":true,"href":"https:\/\/eldiariodesanpedro.com.ar\/sitio\/wp-json\/wp\/v2\/categories?post=34536"},{"taxonomy":"post_tag","embeddable":true,"href":"https:\/\/eldiariodesanpedro.com.ar\/sitio\/wp-json\/wp\/v2\/tags?post=34536"}],"curies":[{"name":"wp","href":"https:\/\/api.w.org\/{rel}","templated":true}]}}