{"id":34527,"date":"2018-06-10T20:12:51","date_gmt":"2018-06-10T23:12:51","guid":{"rendered":"https:\/\/eldiariodesanpedro.com.ar\/sitio\/?p=34527"},"modified":"2018-06-10T20:12:51","modified_gmt":"2018-06-10T23:12:51","slug":"presentacion-del-15-san-pedro-country-music-festival-en-nashville","status":"publish","type":"post","link":"https:\/\/eldiariodesanpedro.com.ar\/sitio\/presentacion-del-15-san-pedro-country-music-festival-en-nashville\/","title":{"rendered":"Presentaci\u00f3n del 15\u00b0 San Pedro Country Music Festival en Nashville"},"content":{"rendered":"<p><!-- VideographyWP Plugin Message: Automatic video embedding prevented by plugin options. --><br \/>\nEn uno de los salones del Bridgestone Arena, punto central del CMA Festival que se realiza todos los a\u00f1os en Nashville, Tennessee, Estados Unidos, se present\u00f3 el San Pedro Country Music Festival 2018. <\/p>\n<p>  La recepci\u00f3n internacional en el sal\u00f3n \u00abThe Patron\u00bb tuvo lugar el s\u00e1bado 9 dentro de la agenda que trascurre a lo largo del festival m\u00e1s importante del mundo en este estilo, que este a\u00f1o convoc\u00f3 a m\u00e1s de 100 artistas y 120 mil personas durante cuatro d\u00edas. <\/p>\n<p>  La producci\u00f3n del festival sampedrino anunci\u00f3 su 15\u00b0 edici\u00f3n con m\u00e1s de 60 shows para los d\u00edas 28, 29 y 30 de septiembre, con entrada gratuita en el Paseo P\u00fablico Municipal y present\u00f3 sus materiales de difusi\u00f3n que fueron entregados a productores, managers y conductores de radio de diferentes pa\u00edses del mundo. <\/p>\n<p>  Acompa\u00f1aron esta actividad Cameron Wallace Tilbury de la productora Nashville Access (representante del Festival en Estados Unidos) y Milly Olykan VP of International Relations and Development de la Country Music Association.<br \/>\n  La fiesta que se organiza en San Pedro desde el 2003 es parte del calendario de la CMA (Country Music Association) y una vez m\u00e1s qued\u00f3 en evidencia el respeto y reconocimiento que existe para la iniciativa que ha logrado instalar esta fecha en Sudam\u00e9rica como la m\u00e1s importante, que adem\u00e1s se destaca por ser una de las pocas que se ofrece con entrada gratuita. <\/p>\n<p>  Si bien la programaci\u00f3n del 2018 ya est\u00e1 confirmada, volvieron a abrirse interesantes tratativas para contar con nuevos artistas internacionales para participar en San Pedro y para realizar otras actividades en Argentina que ser\u00edan producidas por Country2.com.<\/p>\n<p><strong>Programaci\u00f3n<\/strong><\/p>\n<p><em>Viernes 28 desde las 14 hs:<\/em><br \/>\nKing Bee (San Pedro) &#8211;  Leyendas &#8211; Zorros Sin Piel &#8211; Covernautas &#8211; Los Revival &#8211; Carlos Arcuri &#8211; Caballos &#8211; Sant Chest (El Dorado, Misiones) &#8211; Los Solitarios &#8211; Bodeville Swing &#8211; Dixienard &#8211; La Blues Aires Band &#8211; The Dapper Dan Band (C\u00f3rdoba) &#8211; Fer Couto &#038; Vandering Souls &#8211; Veek Chords &#8211; Bufalo Billys \u2013 Tennessee &#8211; Pelvis (rodaje de concierto aniversario) &#8211; Far West.<\/p>\n<p><em>S\u00e1bado desde las 11 hs:<\/em><br \/>\nBlues &#038; Travel &#8211; La Rockabilera &#8211; Lajtavary Family Band &#8211; Syncerius &#8211; Feli Rolfo (San Pedro) &#8211; Lorena Sartori (Chaco) &#8211; Hot Picking Brothers &#8211; Country Gru\u00f1on &#8211; Angry Zeta &#8211; Basilik\u00ed &#038; SanFolk (SanPedro) &#8211; Titi Stier &#8211; Fernando Goin &#8211; Presumidos (Bah\u00eda Blanca) &#8211; Henry Donati &#8211; Jonny Kaplan (USA) &#8211; Melody &#038; Co. &#8211; Max &#038; Line Dance Club &#8211; Coro Gospel Kumbaya (C\u00f3rdoba) &#8211; Quesia Nunes (BRA) &#8211; Fede Petro &#8211; Johnny Tedesco &#8211; Rock Rule Big Band (Rosario).<\/p>\n<p><em>Domingo desde las 11 hs:<\/em><br \/>\nOrlando Curti \u2013 The Mahoganys \u2013 Caelica (Bariloche) \u2013 Rebeca Caldera &#038; The Crazy Riders \u2013 Maverick Country Band (Usuahia) \u2013 Gabriel Taborda All Show \u2013 Gabriel Gratzer \u2013 Bronco Country Music (Totoras) \u2013 B\u00fafalos Sedientos (C\u00f3rdoba) \u2013 Billy La Rocka \u2013 Nati Bravo \u2013 Pasto Loco \u2013 Gus Di Bella &#038; Joshua 3 \u2013 Botas Tejanas (Rosario) \u2013 Adrian Tigen &#8211;  Rodrigo Haddad (BRA) \u2013 No Bull Country Music Band \u2013 The Rey Band \u2013 Wanted Band \u2013 Yulie Ruth &#038; Las Ruedas Del Sur.<\/p>\n<p><strong>IMPORTANTE:<\/strong><br \/>\n  La programaci\u00f3n est\u00e1 sujeta a modificaciones en los pr\u00f3ximos meses y ante contingencias clim\u00e1ticas. El festival no se posterga por mal tiempo.  <\/p>\n<p>  Durante los tres d\u00edas previstos se eval\u00faan alternativas para reprogramaciones en un espacio cubierto o eventualmente cancelaciones.  <\/p>\n<p>  M\u00e1s informaci\u00f3n en www.country2.com y en Facebook<\/p>\n","protected":false},"excerpt":{"rendered":"<p>En uno de los salones del Bridgestone Arena, punto central del CMA Festival que se realiza todos los a\u00f1os en Nashville, Tennessee, Estados Unidos, se present\u00f3 el San Pedro Country Music Festival 2018. La recepci\u00f3n internacional en el sal\u00f3n \u00abThe Patron\u00bb tuvo lugar el s\u00e1bado 9 dentro de la agenda que trascurre a lo largo [&hellip;]<\/p>\n","protected":false},"author":4,"featured_media":34530,"comment_status":"open","ping_status":"closed","sticky":false,"template":"","format":"standard","meta":{"om_disable_all_campaigns":false,"_jetpack_memberships_contains_paid_content":false,"footnotes":""},"categories":[101,2],"tags":[],"class_list":["post-34527","post","type-post","status-publish","format-standard","has-post-thumbnail","hentry","category-interes-general-locales","category-locales"],"aioseo_notices":[],"gutentor_comment":0,"jetpack_featured_media_url":"https:\/\/eldiariodesanpedro.com.ar\/sitio\/wp-content\/uploads\/2018\/06\/Presentaci\u00f3n-del-15\u00b0-San-Pedro-Country-Music-Festival-en-Nashville.jpg","jetpack_shortlink":"https:\/\/wp.me\/p6RhLt-8YT","jetpack_sharing_enabled":true,"_links":{"self":[{"href":"https:\/\/eldiariodesanpedro.com.ar\/sitio\/wp-json\/wp\/v2\/posts\/34527","targetHints":{"allow":["GET"]}}],"collection":[{"href":"https:\/\/eldiariodesanpedro.com.ar\/sitio\/wp-json\/wp\/v2\/posts"}],"about":[{"href":"https:\/\/eldiariodesanpedro.com.ar\/sitio\/wp-json\/wp\/v2\/types\/post"}],"author":[{"embeddable":true,"href":"https:\/\/eldiariodesanpedro.com.ar\/sitio\/wp-json\/wp\/v2\/users\/4"}],"replies":[{"embeddable":true,"href":"https:\/\/eldiariodesanpedro.com.ar\/sitio\/wp-json\/wp\/v2\/comments?post=34527"}],"version-history":[{"count":1,"href":"https:\/\/eldiariodesanpedro.com.ar\/sitio\/wp-json\/wp\/v2\/posts\/34527\/revisions"}],"predecessor-version":[{"id":34531,"href":"https:\/\/eldiariodesanpedro.com.ar\/sitio\/wp-json\/wp\/v2\/posts\/34527\/revisions\/34531"}],"wp:featuredmedia":[{"embeddable":true,"href":"https:\/\/eldiariodesanpedro.com.ar\/sitio\/wp-json\/wp\/v2\/media\/34530"}],"wp:attachment":[{"href":"https:\/\/eldiariodesanpedro.com.ar\/sitio\/wp-json\/wp\/v2\/media?parent=34527"}],"wp:term":[{"taxonomy":"category","embeddable":true,"href":"https:\/\/eldiariodesanpedro.com.ar\/sitio\/wp-json\/wp\/v2\/categories?post=34527"},{"taxonomy":"post_tag","embeddable":true,"href":"https:\/\/eldiariodesanpedro.com.ar\/sitio\/wp-json\/wp\/v2\/tags?post=34527"}],"curies":[{"name":"wp","href":"https:\/\/api.w.org\/{rel}","templated":true}]}}