{"id":34523,"date":"2018-06-10T20:08:53","date_gmt":"2018-06-10T23:08:53","guid":{"rendered":"https:\/\/eldiariodesanpedro.com.ar\/sitio\/?p=34523"},"modified":"2018-06-10T20:08:53","modified_gmt":"2018-06-10T23:08:53","slug":"le-robaron-la-mochila","status":"publish","type":"post","link":"https:\/\/eldiariodesanpedro.com.ar\/sitio\/le-robaron-la-mochila\/","title":{"rendered":"Le robaron la mochila"},"content":{"rendered":"<p><!-- VideographyWP Plugin Message: Automatic video embedding prevented by plugin options. --><br \/>\nUna joven que circulaba a bordo de su bicicleta sobre calle General Pueyrred\u00f3n fue atacada por motochorros el viernes por la tarde, logr\u00e1ndole sustraer la mochila que llevaba consigo.<br \/>\n  Afortunadamente, no sufri\u00f3 da\u00f1os f\u00edsicos.<\/p>\n","protected":false},"excerpt":{"rendered":"<p>Una joven que circulaba a bordo de su bicicleta sobre calle General Pueyrred\u00f3n fue atacada por motochorros el viernes por la tarde, logr\u00e1ndole sustraer la mochila que llevaba consigo. Afortunadamente, no sufri\u00f3 da\u00f1os f\u00edsicos.<\/p>\n","protected":false},"author":4,"featured_media":12417,"comment_status":"open","ping_status":"closed","sticky":false,"template":"","format":"standard","meta":{"om_disable_all_campaigns":false,"_jetpack_memberships_contains_paid_content":false,"footnotes":""},"categories":[2,103],"tags":[],"class_list":["post-34523","post","type-post","status-publish","format-standard","has-post-thumbnail","hentry","category-locales","category-policiales-locales"],"aioseo_notices":[],"gutentor_comment":0,"jetpack_featured_media_url":"https:\/\/eldiariodesanpedro.com.ar\/sitio\/wp-content\/uploads\/2017\/01\/motochorro.jpg","jetpack_shortlink":"https:\/\/wp.me\/p6RhLt-8YP","jetpack_sharing_enabled":true,"_links":{"self":[{"href":"https:\/\/eldiariodesanpedro.com.ar\/sitio\/wp-json\/wp\/v2\/posts\/34523","targetHints":{"allow":["GET"]}}],"collection":[{"href":"https:\/\/eldiariodesanpedro.com.ar\/sitio\/wp-json\/wp\/v2\/posts"}],"about":[{"href":"https:\/\/eldiariodesanpedro.com.ar\/sitio\/wp-json\/wp\/v2\/types\/post"}],"author":[{"embeddable":true,"href":"https:\/\/eldiariodesanpedro.com.ar\/sitio\/wp-json\/wp\/v2\/users\/4"}],"replies":[{"embeddable":true,"href":"https:\/\/eldiariodesanpedro.com.ar\/sitio\/wp-json\/wp\/v2\/comments?post=34523"}],"version-history":[{"count":2,"href":"https:\/\/eldiariodesanpedro.com.ar\/sitio\/wp-json\/wp\/v2\/posts\/34523\/revisions"}],"predecessor-version":[{"id":34528,"href":"https:\/\/eldiariodesanpedro.com.ar\/sitio\/wp-json\/wp\/v2\/posts\/34523\/revisions\/34528"}],"wp:featuredmedia":[{"embeddable":true,"href":"https:\/\/eldiariodesanpedro.com.ar\/sitio\/wp-json\/wp\/v2\/media\/12417"}],"wp:attachment":[{"href":"https:\/\/eldiariodesanpedro.com.ar\/sitio\/wp-json\/wp\/v2\/media?parent=34523"}],"wp:term":[{"taxonomy":"category","embeddable":true,"href":"https:\/\/eldiariodesanpedro.com.ar\/sitio\/wp-json\/wp\/v2\/categories?post=34523"},{"taxonomy":"post_tag","embeddable":true,"href":"https:\/\/eldiariodesanpedro.com.ar\/sitio\/wp-json\/wp\/v2\/tags?post=34523"}],"curies":[{"name":"wp","href":"https:\/\/api.w.org\/{rel}","templated":true}]}}