{"id":3451,"date":"2016-04-20T19:25:55","date_gmt":"2016-04-20T22:25:55","guid":{"rendered":"https:\/\/eldiariodesanpedro.com.ar\/sitio\/?p=3451"},"modified":"2016-04-20T19:25:55","modified_gmt":"2016-04-20T22:25:55","slug":"la-anses-adelanta-el-pago-a-jubilados","status":"publish","type":"post","link":"https:\/\/eldiariodesanpedro.com.ar\/sitio\/la-anses-adelanta-el-pago-a-jubilados\/","title":{"rendered":"La ANSES adelanta el pago a jubilados"},"content":{"rendered":"<p><!-- VideographyWP Plugin Message: Automatic video embedding prevented by plugin options. --><br \/>\nEl organismo abonar\u00e1 ma\u00f1ana mi\u00e9rcoles 20 de abril los pagos previstos originalmente para el jueves 21 y viernes 22, ante las medidas de fuerza gremial anunciadas.<br \/>\nLa ANSES informa que, ante las medidas de fuerza comunicadas por gremios del sector bancario para el jueves 21 y viernes 22, se adelantar\u00e1 el pago de las prestaciones previsionales previstas para esos d\u00edas al mi\u00e9rcoles 20.<br \/>\nDe esta manera, ma\u00f1ana se pondr\u00e1n al pago los haberes correspondientes a:<br \/>\n\u00b7 Jubilados y pensionados que cobran hasta $5634 y cuyos documentos terminan en 8 y 9.<br \/>\n\u00b7 Jubilados y pensionados que cobran m\u00e1s de $5634 y cuyos documentos terminan en 0 y 1.<br \/>\nEl cobro puede efectuarse en forma presencial en los centros de pago habituales, as\u00ed como a trav\u00e9s de cajeros autom\u00e1ticos con la tarjeta de d\u00e9bito en todo el pa\u00eds.<br \/>\nEl titular de la ANSES, Emilio Basavilbaso, sostuvo al respecto que \u201ccon esta medida garantizamos el cobro de los haberes para nuestros jubilados y pensionados. La ANSES est\u00e1 en proceso de cambio, como el pa\u00eds, para estar cada junto a quienes m\u00e1s lo necesitan\u201d.<\/p>\n","protected":false},"excerpt":{"rendered":"<p>El organismo abonar\u00e1 ma\u00f1ana mi\u00e9rcoles 20 de abril los pagos previstos originalmente para el jueves 21 y viernes 22, ante las medidas de fuerza gremial anunciadas. La ANSES informa que, ante las medidas de fuerza comunicadas por gremios del sector bancario para el jueves 21 y viernes 22, se adelantar\u00e1 el pago de las prestaciones [&hellip;]<\/p>\n","protected":false},"author":4,"featured_media":3452,"comment_status":"open","ping_status":"closed","sticky":false,"template":"","format":"standard","meta":{"om_disable_all_campaigns":false,"_jetpack_memberships_contains_paid_content":false,"footnotes":""},"categories":[101,2],"tags":[603,602,605,604],"class_list":["post-3451","post","type-post","status-publish","format-standard","has-post-thumbnail","hentry","category-interes-general-locales","category-locales","tag-adelanta","tag-anses","tag-jubilados","tag-pago"],"aioseo_notices":[],"gutentor_comment":0,"jetpack_featured_media_url":"https:\/\/eldiariodesanpedro.com.ar\/sitio\/wp-content\/uploads\/2016\/04\/23185_anses.jpg","jetpack_shortlink":"https:\/\/wp.me\/p6RhLt-TF","jetpack_sharing_enabled":true,"_links":{"self":[{"href":"https:\/\/eldiariodesanpedro.com.ar\/sitio\/wp-json\/wp\/v2\/posts\/3451","targetHints":{"allow":["GET"]}}],"collection":[{"href":"https:\/\/eldiariodesanpedro.com.ar\/sitio\/wp-json\/wp\/v2\/posts"}],"about":[{"href":"https:\/\/eldiariodesanpedro.com.ar\/sitio\/wp-json\/wp\/v2\/types\/post"}],"author":[{"embeddable":true,"href":"https:\/\/eldiariodesanpedro.com.ar\/sitio\/wp-json\/wp\/v2\/users\/4"}],"replies":[{"embeddable":true,"href":"https:\/\/eldiariodesanpedro.com.ar\/sitio\/wp-json\/wp\/v2\/comments?post=3451"}],"version-history":[{"count":1,"href":"https:\/\/eldiariodesanpedro.com.ar\/sitio\/wp-json\/wp\/v2\/posts\/3451\/revisions"}],"predecessor-version":[{"id":3453,"href":"https:\/\/eldiariodesanpedro.com.ar\/sitio\/wp-json\/wp\/v2\/posts\/3451\/revisions\/3453"}],"wp:featuredmedia":[{"embeddable":true,"href":"https:\/\/eldiariodesanpedro.com.ar\/sitio\/wp-json\/wp\/v2\/media\/3452"}],"wp:attachment":[{"href":"https:\/\/eldiariodesanpedro.com.ar\/sitio\/wp-json\/wp\/v2\/media?parent=3451"}],"wp:term":[{"taxonomy":"category","embeddable":true,"href":"https:\/\/eldiariodesanpedro.com.ar\/sitio\/wp-json\/wp\/v2\/categories?post=3451"},{"taxonomy":"post_tag","embeddable":true,"href":"https:\/\/eldiariodesanpedro.com.ar\/sitio\/wp-json\/wp\/v2\/tags?post=3451"}],"curies":[{"name":"wp","href":"https:\/\/api.w.org\/{rel}","templated":true}]}}