{"id":34507,"date":"2018-06-10T19:47:50","date_gmt":"2018-06-10T22:47:50","guid":{"rendered":"https:\/\/eldiariodesanpedro.com.ar\/sitio\/?p=34507"},"modified":"2018-06-10T19:47:50","modified_gmt":"2018-06-10T22:47:50","slug":"se-realizo-la-marcha-salvemos-las-dos-vidas","status":"publish","type":"post","link":"https:\/\/eldiariodesanpedro.com.ar\/sitio\/se-realizo-la-marcha-salvemos-las-dos-vidas\/","title":{"rendered":"Se realizo la marcha \u00abSalvemos las dos vidas\u00bb"},"content":{"rendered":"<p><!-- VideographyWP Plugin Message: Automatic video embedding prevented by plugin options. --><br \/>\nEste domingo por la tarde una gran cantidad de gente marcharon este domingo por las calles del centro de San Pedro para expresarse en contra del proyecto de ley de aborto legal, seguro y gratuito que la C\u00e1mara de Diputados tratar\u00e1 el pr\u00f3ximo mi\u00e9rcoles en una sesi\u00f3n.<\/p>\n<p>La marcha parti\u00f3 desde la Av. 3 de Febrero y Mitre yendo por las calles c\u00e9ntricas hasta llegar a la municipalidad, \u00abSalvemos las dos vidas\u00bb fue organizada por organizaciones religiosas evang\u00e9licas y cat\u00f3licas que forman parte de la red Unidad Pro Vida.<\/p>\n<p>En el palacio municipal fue recibido por el Intendente Cecilio salazar quien demostr\u00f3 su apoyo al reclamo y al cual se le entrego un petitorio con firmas, y anunci\u00f3 que lo entregar\u00e1 el martes a diputados \u00abde distintas extracciones pol\u00edticas\u00bb para llevarles la expresi\u00f3n de quienes en San Pedro, como \u00e9l mismo, est\u00e1n en contra de la legalizaci\u00f3n del aborto.<\/p>\n<p>La directora de FM Rep\u00fablica de R\u00edo Tala Natalia Romero fue la encargada de leer el petitorio frente a los manifestantes: \u00abNos juntamos para defender a las dos vidas. Al Estado Nacional le pedimos que implemente pol\u00edticas p\u00fablicas rectoras para una sexualidad responsable. Pero que ampare y proteja a todo embarazo sin distinci\u00f3n, velando por el derecho supremo de la vida. A todos nosotros, ciudadanos argentinos y coincidiendo que la pr\u00e1ctica del aborto es terrible, unamos nuestros esfuerzos para erradicarlo, porque no es un tema de salud p\u00fablica, de pobreza, es un tema de derechos y valores. Por \u00faltimo, a nuestros legisladores, no conviertan en ley el derramamiento de sangre inocente, y promulguen una ley de adopci\u00f3n que permita que miles de familias que hoy est\u00e1n en lista de espera, adopten. Cuidemos las dos vidas\u00bb.<\/p>\n","protected":false},"excerpt":{"rendered":"<p>Este domingo por la tarde una gran cantidad de gente marcharon este domingo por las calles del centro de San Pedro para expresarse en contra del proyecto de ley de aborto legal, seguro y gratuito que la C\u00e1mara de Diputados tratar\u00e1 el pr\u00f3ximo mi\u00e9rcoles en una sesi\u00f3n. La marcha parti\u00f3 desde la Av. 3 de [&hellip;]<\/p>\n","protected":false},"author":4,"featured_media":34508,"comment_status":"open","ping_status":"closed","sticky":false,"template":"","format":"standard","meta":{"om_disable_all_campaigns":false,"_jetpack_memberships_contains_paid_content":false,"footnotes":""},"categories":[50,101,2],"tags":[],"class_list":["post-34507","post","type-post","status-publish","format-standard","has-post-thumbnail","hentry","category-destacadas","category-interes-general-locales","category-locales"],"aioseo_notices":[],"gutentor_comment":0,"jetpack_featured_media_url":"https:\/\/eldiariodesanpedro.com.ar\/sitio\/wp-content\/uploads\/2018\/06\/TAPA-1.jpeg","jetpack_shortlink":"https:\/\/wp.me\/p6RhLt-8Yz","jetpack_sharing_enabled":true,"_links":{"self":[{"href":"https:\/\/eldiariodesanpedro.com.ar\/sitio\/wp-json\/wp\/v2\/posts\/34507","targetHints":{"allow":["GET"]}}],"collection":[{"href":"https:\/\/eldiariodesanpedro.com.ar\/sitio\/wp-json\/wp\/v2\/posts"}],"about":[{"href":"https:\/\/eldiariodesanpedro.com.ar\/sitio\/wp-json\/wp\/v2\/types\/post"}],"author":[{"embeddable":true,"href":"https:\/\/eldiariodesanpedro.com.ar\/sitio\/wp-json\/wp\/v2\/users\/4"}],"replies":[{"embeddable":true,"href":"https:\/\/eldiariodesanpedro.com.ar\/sitio\/wp-json\/wp\/v2\/comments?post=34507"}],"version-history":[{"count":1,"href":"https:\/\/eldiariodesanpedro.com.ar\/sitio\/wp-json\/wp\/v2\/posts\/34507\/revisions"}],"predecessor-version":[{"id":34512,"href":"https:\/\/eldiariodesanpedro.com.ar\/sitio\/wp-json\/wp\/v2\/posts\/34507\/revisions\/34512"}],"wp:featuredmedia":[{"embeddable":true,"href":"https:\/\/eldiariodesanpedro.com.ar\/sitio\/wp-json\/wp\/v2\/media\/34508"}],"wp:attachment":[{"href":"https:\/\/eldiariodesanpedro.com.ar\/sitio\/wp-json\/wp\/v2\/media?parent=34507"}],"wp:term":[{"taxonomy":"category","embeddable":true,"href":"https:\/\/eldiariodesanpedro.com.ar\/sitio\/wp-json\/wp\/v2\/categories?post=34507"},{"taxonomy":"post_tag","embeddable":true,"href":"https:\/\/eldiariodesanpedro.com.ar\/sitio\/wp-json\/wp\/v2\/tags?post=34507"}],"curies":[{"name":"wp","href":"https:\/\/api.w.org\/{rel}","templated":true}]}}