{"id":34504,"date":"2018-06-09T11:37:24","date_gmt":"2018-06-09T14:37:24","guid":{"rendered":"https:\/\/eldiariodesanpedro.com.ar\/sitio\/?p=34504"},"modified":"2018-06-09T11:37:24","modified_gmt":"2018-06-09T14:37:24","slug":"zarate-se-realizo-el-primer-retiro-de-pilas-usadas-del-programa-recopila","status":"publish","type":"post","link":"https:\/\/eldiariodesanpedro.com.ar\/sitio\/zarate-se-realizo-el-primer-retiro-de-pilas-usadas-del-programa-recopila\/","title":{"rendered":"ZARATE: Se realiz\u00f3 el primer retiro de pilas usadas del programa \u201cRecopila\u201d"},"content":{"rendered":"<p><!-- VideographyWP Plugin Message: Automatic video embedding prevented by plugin options. --><br \/>\nEn el marco de la \u201cSemana Municipal del Ambiente\u201d, desde la Subsecretar\u00eda de Ambiente y Desarrollo Sostenible procedi\u00f3 a retirar los bidones contenedores de pilas y bater\u00edas usadas, que se estuvieron acopiando desde hace un tiempo, bajo el programa \u201cRecopila\u201d.<\/p>\n<p>El equipo de Ambiente y Desarrollo Sostenible retir\u00f3 de las Escuelas N\u00ba 33, N\u00ba 4, N\u00ba 5 y N\u00ba 19 los bidones contenedores con pilas recolectadas en el establecimiento y adem\u00e1s, se dejaron nuevos bidones para seguir con la recolecci\u00f3n.<\/p>\n<p>El programa \u201cRecopila\u201d invita a tomar conciencia del da\u00f1o al ambiente que genera una pila que se arroja indiscriminadamente a la v\u00eda p\u00fablica o tambi\u00e9n cuando son colocadas en las bolsas de los residuos domiciliarios.<\/p>\n<p>Durante este mes se fueron entregando los recipientes a todos los colegios de Z\u00e1rate, Lima y Escalada para que los chicos lleven desde sus domicilios las pilas usadas. Estos bidones son donados por Soda y Aguas San Jacinto, ya que cumplieron su ciclo de vida \u00fatil para el llenado con agua mineral y se le da otro uso importante en el cuidado del ambiente.<\/p>\n<p>Fuente: Enlace Critico<\/p>\n","protected":false},"excerpt":{"rendered":"<p>En el marco de la \u201cSemana Municipal del Ambiente\u201d, desde la Subsecretar\u00eda de Ambiente y Desarrollo Sostenible procedi\u00f3 a retirar los bidones contenedores de pilas y bater\u00edas usadas, que se estuvieron acopiando desde hace un tiempo, bajo el programa \u201cRecopila\u201d. El equipo de Ambiente y Desarrollo Sostenible retir\u00f3 de las Escuelas N\u00ba 33, N\u00ba 4, [&hellip;]<\/p>\n","protected":false},"author":4,"featured_media":34505,"comment_status":"open","ping_status":"closed","sticky":false,"template":"","format":"standard","meta":{"om_disable_all_campaigns":false,"_jetpack_memberships_contains_paid_content":false,"footnotes":""},"categories":[621],"tags":[],"class_list":["post-34504","post","type-post","status-publish","format-standard","has-post-thumbnail","hentry","category-regionales"],"aioseo_notices":[],"gutentor_comment":0,"jetpack_featured_media_url":"https:\/\/eldiariodesanpedro.com.ar\/sitio\/wp-content\/uploads\/2018\/06\/recopila-2.jpg","jetpack_shortlink":"https:\/\/wp.me\/p6RhLt-8Yw","jetpack_sharing_enabled":true,"_links":{"self":[{"href":"https:\/\/eldiariodesanpedro.com.ar\/sitio\/wp-json\/wp\/v2\/posts\/34504","targetHints":{"allow":["GET"]}}],"collection":[{"href":"https:\/\/eldiariodesanpedro.com.ar\/sitio\/wp-json\/wp\/v2\/posts"}],"about":[{"href":"https:\/\/eldiariodesanpedro.com.ar\/sitio\/wp-json\/wp\/v2\/types\/post"}],"author":[{"embeddable":true,"href":"https:\/\/eldiariodesanpedro.com.ar\/sitio\/wp-json\/wp\/v2\/users\/4"}],"replies":[{"embeddable":true,"href":"https:\/\/eldiariodesanpedro.com.ar\/sitio\/wp-json\/wp\/v2\/comments?post=34504"}],"version-history":[{"count":1,"href":"https:\/\/eldiariodesanpedro.com.ar\/sitio\/wp-json\/wp\/v2\/posts\/34504\/revisions"}],"predecessor-version":[{"id":34506,"href":"https:\/\/eldiariodesanpedro.com.ar\/sitio\/wp-json\/wp\/v2\/posts\/34504\/revisions\/34506"}],"wp:featuredmedia":[{"embeddable":true,"href":"https:\/\/eldiariodesanpedro.com.ar\/sitio\/wp-json\/wp\/v2\/media\/34505"}],"wp:attachment":[{"href":"https:\/\/eldiariodesanpedro.com.ar\/sitio\/wp-json\/wp\/v2\/media?parent=34504"}],"wp:term":[{"taxonomy":"category","embeddable":true,"href":"https:\/\/eldiariodesanpedro.com.ar\/sitio\/wp-json\/wp\/v2\/categories?post=34504"},{"taxonomy":"post_tag","embeddable":true,"href":"https:\/\/eldiariodesanpedro.com.ar\/sitio\/wp-json\/wp\/v2\/tags?post=34504"}],"curies":[{"name":"wp","href":"https:\/\/api.w.org\/{rel}","templated":true}]}}