{"id":34499,"date":"2018-06-09T11:27:20","date_gmt":"2018-06-09T14:27:20","guid":{"rendered":"https:\/\/eldiariodesanpedro.com.ar\/sitio\/?p=34499"},"modified":"2018-06-09T11:27:20","modified_gmt":"2018-06-09T14:27:20","slug":"escobar-este-sabado-arranca-en-escobar-la-fiesta-popular-del-pollo-al-barro","status":"publish","type":"post","link":"https:\/\/eldiariodesanpedro.com.ar\/sitio\/escobar-este-sabado-arranca-en-escobar-la-fiesta-popular-del-pollo-al-barro\/","title":{"rendered":"ESCOBAR: Este s\u00e1bado arranca en Escobar la Fiesta Popular del Pollo al Barro"},"content":{"rendered":"<p><!-- VideographyWP Plugin Message: Automatic video embedding prevented by plugin options. --><br \/>\nEste s\u00e1bado 9 y domingo 10 de junio, de 11 a 21 hs. se efectuar\u00e1 en el Predio de la Ciudad Floral, sita en Juan Mateo Gelves 1050, la 5\u00aa Edici\u00f3n de la Fiesta Popular del Pollo al barro de Escobar.<\/p>\n<p>La misma se realiza con el objetivo de concretar un evento social, cultural y tur\u00edstico dirigido a recuperar una tradici\u00f3n gastron\u00f3mico casi centenaria de nuestro partido, iniciada por el eminente pionero Don Antonio Spadaccini en su \u201chotel de viajantes\u201d otrora ubicado frente a la actual terminal de Micros de Bel\u00e9n, y continuada por un notable hijo de este pueblo, Don Pedro Vallier, en su antol\u00f3gico restaurante \u201cEl Rancho de Don Pedro\u201d, que marc\u00f3 todo una \u00e9poca para el turismo, la gastronom\u00eda y el folklore escobarense.<\/p>\n<p>Durante el mismo se desarrollar\u00e1n distintas actividades, como ser exposici\u00f3n y venta de artesan\u00edas locales y productos regionales, patio de comidas y patio cervecero, juegos para chicos, show con artistas locales, y el ya tradicional concurso entre cocineros de nuestro partido para ver quien hace \u201cel m\u00e1s rico pollo al barro escobarense\u201d.<\/p>\n<p>Fuente: escobarnews.com<\/p>\n","protected":false},"excerpt":{"rendered":"<p>Este s\u00e1bado 9 y domingo 10 de junio, de 11 a 21 hs. se efectuar\u00e1 en el Predio de la Ciudad Floral, sita en Juan Mateo Gelves 1050, la 5\u00aa Edici\u00f3n de la Fiesta Popular del Pollo al barro de Escobar. La misma se realiza con el objetivo de concretar un evento social, cultural y [&hellip;]<\/p>\n","protected":false},"author":4,"featured_media":34502,"comment_status":"open","ping_status":"closed","sticky":false,"template":"","format":"standard","meta":{"om_disable_all_campaigns":false,"_jetpack_memberships_contains_paid_content":false,"footnotes":""},"categories":[621],"tags":[],"class_list":["post-34499","post","type-post","status-publish","format-standard","has-post-thumbnail","hentry","category-regionales"],"aioseo_notices":[],"gutentor_comment":0,"jetpack_featured_media_url":"https:\/\/eldiariodesanpedro.com.ar\/sitio\/wp-content\/uploads\/2018\/06\/pollo-al-barro-turismo.jpeg","jetpack_shortlink":"https:\/\/wp.me\/p6RhLt-8Yr","jetpack_sharing_enabled":true,"_links":{"self":[{"href":"https:\/\/eldiariodesanpedro.com.ar\/sitio\/wp-json\/wp\/v2\/posts\/34499","targetHints":{"allow":["GET"]}}],"collection":[{"href":"https:\/\/eldiariodesanpedro.com.ar\/sitio\/wp-json\/wp\/v2\/posts"}],"about":[{"href":"https:\/\/eldiariodesanpedro.com.ar\/sitio\/wp-json\/wp\/v2\/types\/post"}],"author":[{"embeddable":true,"href":"https:\/\/eldiariodesanpedro.com.ar\/sitio\/wp-json\/wp\/v2\/users\/4"}],"replies":[{"embeddable":true,"href":"https:\/\/eldiariodesanpedro.com.ar\/sitio\/wp-json\/wp\/v2\/comments?post=34499"}],"version-history":[{"count":1,"href":"https:\/\/eldiariodesanpedro.com.ar\/sitio\/wp-json\/wp\/v2\/posts\/34499\/revisions"}],"predecessor-version":[{"id":34503,"href":"https:\/\/eldiariodesanpedro.com.ar\/sitio\/wp-json\/wp\/v2\/posts\/34499\/revisions\/34503"}],"wp:featuredmedia":[{"embeddable":true,"href":"https:\/\/eldiariodesanpedro.com.ar\/sitio\/wp-json\/wp\/v2\/media\/34502"}],"wp:attachment":[{"href":"https:\/\/eldiariodesanpedro.com.ar\/sitio\/wp-json\/wp\/v2\/media?parent=34499"}],"wp:term":[{"taxonomy":"category","embeddable":true,"href":"https:\/\/eldiariodesanpedro.com.ar\/sitio\/wp-json\/wp\/v2\/categories?post=34499"},{"taxonomy":"post_tag","embeddable":true,"href":"https:\/\/eldiariodesanpedro.com.ar\/sitio\/wp-json\/wp\/v2\/tags?post=34499"}],"curies":[{"name":"wp","href":"https:\/\/api.w.org\/{rel}","templated":true}]}}