{"id":34495,"date":"2018-06-09T10:58:07","date_gmt":"2018-06-09T13:58:07","guid":{"rendered":"https:\/\/eldiariodesanpedro.com.ar\/sitio\/?p=34495"},"modified":"2018-06-09T10:58:07","modified_gmt":"2018-06-09T13:58:07","slug":"delincuentes-abandonaron-las-motos-sustraidas-tras-una-persecucion-policial","status":"publish","type":"post","link":"https:\/\/eldiariodesanpedro.com.ar\/sitio\/delincuentes-abandonaron-las-motos-sustraidas-tras-una-persecucion-policial\/","title":{"rendered":"Delincuentes abandonaron las motos sustra\u00eddas tras una persecuci\u00f3n policial"},"content":{"rendered":"<p><!-- VideographyWP Plugin Message: Automatic video embedding prevented by plugin options. --><br \/>\nDespu\u00e9s de sustraer dos motocicletas estacionadas en frente al Centro Educativo N\u00ba3, tras una persecuci\u00f3n policial, los dos delincuentes las dejaron abandonadas en la v\u00eda publica. En otro hecho delictivo diferente, un tercer rodado fue sustra\u00eddo del interior de un domicilio y tambi\u00e9n abandonado por el ladr\u00f3n, m\u00e1s tarde fue hallado por la Polic\u00eda.<\/p>\n<p> Durante la noche del viernes en los pasillos de Hermano Indio Bis, entre calles Hermano Indio y Balcarce, la Polic\u00eda procedi\u00f3 al secuestro de dos motocicletas que hab\u00edan sido abandonadas por dos delincuentes luego de una persecuci\u00f3n. Los rodados eran una motocicleta JINCHENG DAX 70 cc y una MONDIAL DAX 70 cc que hab\u00edan sido robadas del lugar donde estaban estacionadas, frente al Centro Educativo N\u00b0 3 sito en calles Balcarce y Las Provincias.<\/p>\n<p> Tambi\u00e9n, en horas de la tarde del viernes, se secuestr\u00f3 otra motocicleta en la intersecci\u00f3n de calles Manuel Iglesias y Liniers que, hab\u00eda sido abandonada por delincuentes luego de sustraerla del interior de una vivienda ubicada sobre calle Obligado al 1400. Momentos antes su propietario hab\u00eda radicado la denuncia correspondiente.<\/p>\n<p>Luego de comunicada la UFI N\u00b0 11 de San Pedro, se dispuso la restituci\u00f3n de los tres rodados secuestrados a sus respectivos due\u00f1os.<\/p>\n","protected":false},"excerpt":{"rendered":"<p>Despu\u00e9s de sustraer dos motocicletas estacionadas en frente al Centro Educativo N\u00ba3, tras una persecuci\u00f3n policial, los dos delincuentes las dejaron abandonadas en la v\u00eda publica. En otro hecho delictivo diferente, un tercer rodado fue sustra\u00eddo del interior de un domicilio y tambi\u00e9n abandonado por el ladr\u00f3n, m\u00e1s tarde fue hallado por la Polic\u00eda. Durante [&hellip;]<\/p>\n","protected":false},"author":4,"featured_media":34493,"comment_status":"open","ping_status":"closed","sticky":false,"template":"","format":"standard","meta":{"om_disable_all_campaigns":false,"_jetpack_memberships_contains_paid_content":false,"footnotes":""},"categories":[2,103],"tags":[],"class_list":["post-34495","post","type-post","status-publish","format-standard","has-post-thumbnail","hentry","category-locales","category-policiales-locales"],"aioseo_notices":[],"gutentor_comment":0,"jetpack_featured_media_url":"https:\/\/eldiariodesanpedro.com.ar\/sitio\/wp-content\/uploads\/2018\/06\/poli.jpg","jetpack_shortlink":"https:\/\/wp.me\/p6RhLt-8Yn","jetpack_sharing_enabled":true,"_links":{"self":[{"href":"https:\/\/eldiariodesanpedro.com.ar\/sitio\/wp-json\/wp\/v2\/posts\/34495","targetHints":{"allow":["GET"]}}],"collection":[{"href":"https:\/\/eldiariodesanpedro.com.ar\/sitio\/wp-json\/wp\/v2\/posts"}],"about":[{"href":"https:\/\/eldiariodesanpedro.com.ar\/sitio\/wp-json\/wp\/v2\/types\/post"}],"author":[{"embeddable":true,"href":"https:\/\/eldiariodesanpedro.com.ar\/sitio\/wp-json\/wp\/v2\/users\/4"}],"replies":[{"embeddable":true,"href":"https:\/\/eldiariodesanpedro.com.ar\/sitio\/wp-json\/wp\/v2\/comments?post=34495"}],"version-history":[{"count":1,"href":"https:\/\/eldiariodesanpedro.com.ar\/sitio\/wp-json\/wp\/v2\/posts\/34495\/revisions"}],"predecessor-version":[{"id":34496,"href":"https:\/\/eldiariodesanpedro.com.ar\/sitio\/wp-json\/wp\/v2\/posts\/34495\/revisions\/34496"}],"wp:featuredmedia":[{"embeddable":true,"href":"https:\/\/eldiariodesanpedro.com.ar\/sitio\/wp-json\/wp\/v2\/media\/34493"}],"wp:attachment":[{"href":"https:\/\/eldiariodesanpedro.com.ar\/sitio\/wp-json\/wp\/v2\/media?parent=34495"}],"wp:term":[{"taxonomy":"category","embeddable":true,"href":"https:\/\/eldiariodesanpedro.com.ar\/sitio\/wp-json\/wp\/v2\/categories?post=34495"},{"taxonomy":"post_tag","embeddable":true,"href":"https:\/\/eldiariodesanpedro.com.ar\/sitio\/wp-json\/wp\/v2\/tags?post=34495"}],"curies":[{"name":"wp","href":"https:\/\/api.w.org\/{rel}","templated":true}]}}