{"id":34492,"date":"2018-06-09T10:55:26","date_gmt":"2018-06-09T13:55:26","guid":{"rendered":"https:\/\/eldiariodesanpedro.com.ar\/sitio\/?p=34492"},"modified":"2018-06-09T10:55:26","modified_gmt":"2018-06-09T13:55:26","slug":"aprehendidos-por-pedido-de-paradero-activo","status":"publish","type":"post","link":"https:\/\/eldiariodesanpedro.com.ar\/sitio\/aprehendidos-por-pedido-de-paradero-activo\/","title":{"rendered":"Aprehendidos por pedido de paradero activo"},"content":{"rendered":"<p><!-- VideographyWP Plugin Message: Automatic video embedding prevented by plugin options. --><br \/>\nUn hombre de 30 a\u00f1os fue aprehendido en el barrio Hermano Indio y, otro de 22 a\u00f1os en las inmediaciones de calles Pellegrini y Oliveira C\u00e9zar en la tarde de este viernes. Ambos registraban  pedido de paradero activo.<\/p>\n<p> Este viernes pasado por la tarde, personal policial procedi\u00f3 a la aprehensi\u00f3n de un ciudadano de 30 a\u00f1os en calles Hermano Indio y General Pueyrred\u00f3n sobre el cual se determin\u00f3 que  pose\u00eda un  pedido de paradero activo vigente  desde el 22 de abril del 2013, a pedido de Juzgado Correccional N\u00b0 3 de San Nicol\u00e1s.<\/p>\n<p> Otro ciudadano de 22 a\u00f1os tambi\u00e9n result\u00f3 aprehendido, pero esta vez en calles Pellegrini y Oliveira C\u00e9zar. Este sujeto pose\u00eda dos pedidos de paradero activo, uno de la UFI del Joven Nro. 2 de San Nicol\u00e1s y el segundo de la UFI N\u00ba7. Se dio conocimiento a ambos magistrados quienes dispusieron su comparendo ante las fiscal\u00edas.<\/p>\n","protected":false},"excerpt":{"rendered":"<p>Un hombre de 30 a\u00f1os fue aprehendido en el barrio Hermano Indio y, otro de 22 a\u00f1os en las inmediaciones de calles Pellegrini y Oliveira C\u00e9zar en la tarde de este viernes. Ambos registraban pedido de paradero activo. Este viernes pasado por la tarde, personal policial procedi\u00f3 a la aprehensi\u00f3n de un ciudadano de 30 [&hellip;]<\/p>\n","protected":false},"author":4,"featured_media":34493,"comment_status":"open","ping_status":"closed","sticky":false,"template":"","format":"standard","meta":{"om_disable_all_campaigns":false,"_jetpack_memberships_contains_paid_content":false,"footnotes":""},"categories":[2,103],"tags":[],"class_list":["post-34492","post","type-post","status-publish","format-standard","has-post-thumbnail","hentry","category-locales","category-policiales-locales"],"aioseo_notices":[],"gutentor_comment":0,"jetpack_featured_media_url":"https:\/\/eldiariodesanpedro.com.ar\/sitio\/wp-content\/uploads\/2018\/06\/poli.jpg","jetpack_shortlink":"https:\/\/wp.me\/p6RhLt-8Yk","jetpack_sharing_enabled":true,"_links":{"self":[{"href":"https:\/\/eldiariodesanpedro.com.ar\/sitio\/wp-json\/wp\/v2\/posts\/34492","targetHints":{"allow":["GET"]}}],"collection":[{"href":"https:\/\/eldiariodesanpedro.com.ar\/sitio\/wp-json\/wp\/v2\/posts"}],"about":[{"href":"https:\/\/eldiariodesanpedro.com.ar\/sitio\/wp-json\/wp\/v2\/types\/post"}],"author":[{"embeddable":true,"href":"https:\/\/eldiariodesanpedro.com.ar\/sitio\/wp-json\/wp\/v2\/users\/4"}],"replies":[{"embeddable":true,"href":"https:\/\/eldiariodesanpedro.com.ar\/sitio\/wp-json\/wp\/v2\/comments?post=34492"}],"version-history":[{"count":1,"href":"https:\/\/eldiariodesanpedro.com.ar\/sitio\/wp-json\/wp\/v2\/posts\/34492\/revisions"}],"predecessor-version":[{"id":34494,"href":"https:\/\/eldiariodesanpedro.com.ar\/sitio\/wp-json\/wp\/v2\/posts\/34492\/revisions\/34494"}],"wp:featuredmedia":[{"embeddable":true,"href":"https:\/\/eldiariodesanpedro.com.ar\/sitio\/wp-json\/wp\/v2\/media\/34493"}],"wp:attachment":[{"href":"https:\/\/eldiariodesanpedro.com.ar\/sitio\/wp-json\/wp\/v2\/media?parent=34492"}],"wp:term":[{"taxonomy":"category","embeddable":true,"href":"https:\/\/eldiariodesanpedro.com.ar\/sitio\/wp-json\/wp\/v2\/categories?post=34492"},{"taxonomy":"post_tag","embeddable":true,"href":"https:\/\/eldiariodesanpedro.com.ar\/sitio\/wp-json\/wp\/v2\/tags?post=34492"}],"curies":[{"name":"wp","href":"https:\/\/api.w.org\/{rel}","templated":true}]}}