{"id":34484,"date":"2018-06-08T20:36:16","date_gmt":"2018-06-08T23:36:16","guid":{"rendered":"https:\/\/eldiariodesanpedro.com.ar\/sitio\/?p=34484"},"modified":"2026-01-24T00:13:29","modified_gmt":"2026-01-24T03:13:29","slug":"natacion-otro-grupo-de-nadadores-participan-del-nacional-en-mar-del-plata","status":"publish","type":"post","link":"https:\/\/eldiariodesanpedro.com.ar\/sitio\/natacion-otro-grupo-de-nadadores-participan-del-nacional-en-mar-del-plata\/","title":{"rendered":"NATACI\u00d3N: Otro grupo de nadadores participan del Nacional en Mar del Plata"},"content":{"rendered":"<p><!-- VideographyWP Plugin Message: Automatic video embedding prevented by plugin options. --><br \/>\nDesde el 13 al 16 Junio se realiza el Campeonato Nacional Cadetes 2018, selectivo para Mococa, Brasil. Viajan los nadadores del Club Pescadores Marco Paladini. Genaro V\u00e1zquez. Manuela Epelde. Valentina Noto y Sof\u00eda Zabaleta, junto al entrenador Sebasti\u00e1n Est\u00e9vez.<br \/>\n  En la pr\u00f3xima edici\u00f3n los nadadores del Club N\u00e1utico que tambi\u00e9n estar\u00e1 presente.<\/p>\n","protected":false},"excerpt":{"rendered":"<p>Desde el 13 al 16 Junio se realiza el Campeonato Nacional Cadetes 2018, selectivo para Mococa, Brasil. Viajan los nadadores del Club Pescadores Marco Paladini. Genaro V\u00e1zquez. Manuela Epelde. Valentina Noto y Sof\u00eda Zabaleta, junto al entrenador Sebasti\u00e1n Est\u00e9vez. En la pr\u00f3xima edici\u00f3n los nadadores del Club N\u00e1utico que tambi\u00e9n estar\u00e1 presente.<\/p>\n","protected":false},"author":4,"featured_media":18906,"comment_status":"open","ping_status":"closed","sticky":false,"template":"","format":"standard","meta":{"om_disable_all_campaigns":false,"_jetpack_memberships_contains_paid_content":false,"footnotes":""},"categories":[5],"tags":[],"class_list":["post-34484","post","type-post","status-publish","format-standard","has-post-thumbnail","hentry","category-deportes"],"aioseo_notices":[],"gutentor_comment":0,"jetpack_featured_media_url":"https:\/\/eldiariodesanpedro.com.ar\/sitio\/wp-content\/uploads\/2017\/05\/natacion_1.jpg","jetpack_shortlink":"https:\/\/wp.me\/p6RhLt-8Yc","jetpack_sharing_enabled":true,"_links":{"self":[{"href":"https:\/\/eldiariodesanpedro.com.ar\/sitio\/wp-json\/wp\/v2\/posts\/34484","targetHints":{"allow":["GET"]}}],"collection":[{"href":"https:\/\/eldiariodesanpedro.com.ar\/sitio\/wp-json\/wp\/v2\/posts"}],"about":[{"href":"https:\/\/eldiariodesanpedro.com.ar\/sitio\/wp-json\/wp\/v2\/types\/post"}],"author":[{"embeddable":true,"href":"https:\/\/eldiariodesanpedro.com.ar\/sitio\/wp-json\/wp\/v2\/users\/4"}],"replies":[{"embeddable":true,"href":"https:\/\/eldiariodesanpedro.com.ar\/sitio\/wp-json\/wp\/v2\/comments?post=34484"}],"version-history":[{"count":1,"href":"https:\/\/eldiariodesanpedro.com.ar\/sitio\/wp-json\/wp\/v2\/posts\/34484\/revisions"}],"predecessor-version":[{"id":34487,"href":"https:\/\/eldiariodesanpedro.com.ar\/sitio\/wp-json\/wp\/v2\/posts\/34484\/revisions\/34487"}],"wp:featuredmedia":[{"embeddable":true,"href":"https:\/\/eldiariodesanpedro.com.ar\/sitio\/wp-json\/wp\/v2\/media\/18906"}],"wp:attachment":[{"href":"https:\/\/eldiariodesanpedro.com.ar\/sitio\/wp-json\/wp\/v2\/media?parent=34484"}],"wp:term":[{"taxonomy":"category","embeddable":true,"href":"https:\/\/eldiariodesanpedro.com.ar\/sitio\/wp-json\/wp\/v2\/categories?post=34484"},{"taxonomy":"post_tag","embeddable":true,"href":"https:\/\/eldiariodesanpedro.com.ar\/sitio\/wp-json\/wp\/v2\/tags?post=34484"}],"curies":[{"name":"wp","href":"https:\/\/api.w.org\/{rel}","templated":true}]}}