{"id":3448,"date":"2016-04-20T18:31:28","date_gmt":"2016-04-20T21:31:28","guid":{"rendered":"https:\/\/eldiariodesanpedro.com.ar\/sitio\/?p=3448"},"modified":"2016-04-20T18:31:28","modified_gmt":"2016-04-20T21:31:28","slug":"manana-finaliza-el-operativo-de-documentacion","status":"publish","type":"post","link":"https:\/\/eldiariodesanpedro.com.ar\/sitio\/manana-finaliza-el-operativo-de-documentacion\/","title":{"rendered":"Ma\u00f1ana finaliza el Operativo de Documentaci\u00f3n"},"content":{"rendered":"<p><!-- VideographyWP Plugin Message: Automatic video embedding prevented by plugin options. --><br \/>\nLa Municipalidad de San Pedro dio a conocer que en el primer d\u00eda de operativo de documentaci\u00f3n, se realizaron m\u00e1s de 80 tr\u00e1mites, sin embargo ese n\u00famero fue superado ampliamente en el dia de hoy.<br \/>\nHasta el d\u00eda de ma\u00f1ana se encontrar\u00e1n en nuestra ciudad los m\u00f3viles del Registro Nacional de las Personas en la sede del Centro de Monitoreo, ubicado en calle Mitre 1995. El horario es de 9 a 18 horas. Se atender\u00e1 por orden de llegada y se efectuar\u00e1n en las pr\u00f3ximas dos jornadas 120 tr\u00e1mites por d\u00eda.<br \/>\nA su vez, se comunica que tendr\u00e1n prioridad para la concreci\u00f3n de los tr\u00e1mites: adultos mayores, personas con capacidades diferentes y embarazadas.<br \/>\nRequisitos:<br \/>\nSer Argentino o Naturalizado (con DNI anterior).<br \/>\nActualizaci\u00f3n Menores: Partida de Nacimiento Original, junto a DNI de los padres.<\/p>\n","protected":false},"excerpt":{"rendered":"<p>La Municipalidad de San Pedro dio a conocer que en el primer d\u00eda de operativo de documentaci\u00f3n, se realizaron m\u00e1s de 80 tr\u00e1mites, sin embargo ese n\u00famero fue superado ampliamente en el dia de hoy. Hasta el d\u00eda de ma\u00f1ana se encontrar\u00e1n en nuestra ciudad los m\u00f3viles del Registro Nacional de las Personas en la [&hellip;]<\/p>\n","protected":false},"author":4,"featured_media":3398,"comment_status":"open","ping_status":"closed","sticky":false,"template":"","format":"standard","meta":{"om_disable_all_campaigns":false,"_jetpack_memberships_contains_paid_content":false,"footnotes":""},"categories":[101,2],"tags":[593,601,592],"class_list":["post-3448","post","type-post","status-publish","format-standard","has-post-thumbnail","hentry","category-interes-general-locales","category-locales","tag-documentacion","tag-finaliza","tag-operativo"],"aioseo_notices":[],"gutentor_comment":0,"jetpack_featured_media_url":"https:\/\/eldiariodesanpedro.com.ar\/sitio\/wp-content\/uploads\/2016\/04\/PAGINA-4-02-1.jpg","jetpack_shortlink":"https:\/\/wp.me\/p6RhLt-TC","jetpack_sharing_enabled":true,"_links":{"self":[{"href":"https:\/\/eldiariodesanpedro.com.ar\/sitio\/wp-json\/wp\/v2\/posts\/3448","targetHints":{"allow":["GET"]}}],"collection":[{"href":"https:\/\/eldiariodesanpedro.com.ar\/sitio\/wp-json\/wp\/v2\/posts"}],"about":[{"href":"https:\/\/eldiariodesanpedro.com.ar\/sitio\/wp-json\/wp\/v2\/types\/post"}],"author":[{"embeddable":true,"href":"https:\/\/eldiariodesanpedro.com.ar\/sitio\/wp-json\/wp\/v2\/users\/4"}],"replies":[{"embeddable":true,"href":"https:\/\/eldiariodesanpedro.com.ar\/sitio\/wp-json\/wp\/v2\/comments?post=3448"}],"version-history":[{"count":1,"href":"https:\/\/eldiariodesanpedro.com.ar\/sitio\/wp-json\/wp\/v2\/posts\/3448\/revisions"}],"predecessor-version":[{"id":3450,"href":"https:\/\/eldiariodesanpedro.com.ar\/sitio\/wp-json\/wp\/v2\/posts\/3448\/revisions\/3450"}],"wp:featuredmedia":[{"embeddable":true,"href":"https:\/\/eldiariodesanpedro.com.ar\/sitio\/wp-json\/wp\/v2\/media\/3398"}],"wp:attachment":[{"href":"https:\/\/eldiariodesanpedro.com.ar\/sitio\/wp-json\/wp\/v2\/media?parent=3448"}],"wp:term":[{"taxonomy":"category","embeddable":true,"href":"https:\/\/eldiariodesanpedro.com.ar\/sitio\/wp-json\/wp\/v2\/categories?post=3448"},{"taxonomy":"post_tag","embeddable":true,"href":"https:\/\/eldiariodesanpedro.com.ar\/sitio\/wp-json\/wp\/v2\/tags?post=3448"}],"curies":[{"name":"wp","href":"https:\/\/api.w.org\/{rel}","templated":true}]}}