{"id":34479,"date":"2018-06-08T20:33:39","date_gmt":"2018-06-08T23:33:39","guid":{"rendered":"https:\/\/eldiariodesanpedro.com.ar\/sitio\/?p=34479"},"modified":"2026-01-24T00:13:29","modified_gmt":"2026-01-24T03:13:29","slug":"tenis-en-nautico-para-infantiles-y-juveniles","status":"publish","type":"post","link":"https:\/\/eldiariodesanpedro.com.ar\/sitio\/tenis-en-nautico-para-infantiles-y-juveniles\/","title":{"rendered":"TENIS: En N\u00e1utico para infantiles y juveniles"},"content":{"rendered":"<p><!-- VideographyWP Plugin Message: Automatic video embedding prevented by plugin options. --><br \/>\n  En las canchas del Club N\u00e1utico se lleva a cabo un certamen r\u00e1pido para las categor\u00edas 2 y 3 desde las 9.00 horas del de este s\u00e1bado con jugadores de un club de Arrecifes, N\u00e1utico, Los Andes y Pescadores de nuestra ciudad.<\/p>\n","protected":false},"excerpt":{"rendered":"<p>En las canchas del Club N\u00e1utico se lleva a cabo un certamen r\u00e1pido para las categor\u00edas 2 y 3 desde las 9.00 horas del de este s\u00e1bado con jugadores de un club de Arrecifes, N\u00e1utico, Los Andes y Pescadores de nuestra ciudad.<\/p>\n","protected":false},"author":4,"featured_media":10608,"comment_status":"open","ping_status":"closed","sticky":false,"template":"","format":"standard","meta":{"om_disable_all_campaigns":false,"_jetpack_memberships_contains_paid_content":false,"footnotes":""},"categories":[5],"tags":[],"class_list":["post-34479","post","type-post","status-publish","format-standard","has-post-thumbnail","hentry","category-deportes"],"aioseo_notices":[],"gutentor_comment":0,"jetpack_featured_media_url":"https:\/\/eldiariodesanpedro.com.ar\/sitio\/wp-content\/uploads\/2016\/11\/pelota-tenis-ladrillo.jpg","jetpack_shortlink":"https:\/\/wp.me\/p6RhLt-8Y7","jetpack_sharing_enabled":true,"_links":{"self":[{"href":"https:\/\/eldiariodesanpedro.com.ar\/sitio\/wp-json\/wp\/v2\/posts\/34479","targetHints":{"allow":["GET"]}}],"collection":[{"href":"https:\/\/eldiariodesanpedro.com.ar\/sitio\/wp-json\/wp\/v2\/posts"}],"about":[{"href":"https:\/\/eldiariodesanpedro.com.ar\/sitio\/wp-json\/wp\/v2\/types\/post"}],"author":[{"embeddable":true,"href":"https:\/\/eldiariodesanpedro.com.ar\/sitio\/wp-json\/wp\/v2\/users\/4"}],"replies":[{"embeddable":true,"href":"https:\/\/eldiariodesanpedro.com.ar\/sitio\/wp-json\/wp\/v2\/comments?post=34479"}],"version-history":[{"count":1,"href":"https:\/\/eldiariodesanpedro.com.ar\/sitio\/wp-json\/wp\/v2\/posts\/34479\/revisions"}],"predecessor-version":[{"id":34485,"href":"https:\/\/eldiariodesanpedro.com.ar\/sitio\/wp-json\/wp\/v2\/posts\/34479\/revisions\/34485"}],"wp:featuredmedia":[{"embeddable":true,"href":"https:\/\/eldiariodesanpedro.com.ar\/sitio\/wp-json\/wp\/v2\/media\/10608"}],"wp:attachment":[{"href":"https:\/\/eldiariodesanpedro.com.ar\/sitio\/wp-json\/wp\/v2\/media?parent=34479"}],"wp:term":[{"taxonomy":"category","embeddable":true,"href":"https:\/\/eldiariodesanpedro.com.ar\/sitio\/wp-json\/wp\/v2\/categories?post=34479"},{"taxonomy":"post_tag","embeddable":true,"href":"https:\/\/eldiariodesanpedro.com.ar\/sitio\/wp-json\/wp\/v2\/tags?post=34479"}],"curies":[{"name":"wp","href":"https:\/\/api.w.org\/{rel}","templated":true}]}}