{"id":34468,"date":"2018-06-08T20:01:29","date_gmt":"2018-06-08T23:01:29","guid":{"rendered":"https:\/\/eldiariodesanpedro.com.ar\/sitio\/?p=34468"},"modified":"2018-06-08T20:01:29","modified_gmt":"2018-06-08T23:01:29","slug":"zarate-importante-incendio-en-la-fabrica-quilmes-de-zarate","status":"publish","type":"post","link":"https:\/\/eldiariodesanpedro.com.ar\/sitio\/zarate-importante-incendio-en-la-fabrica-quilmes-de-zarate\/","title":{"rendered":"Z\u00c1RATE: Importante incendio en la f\u00e1brica Quilmes de Z\u00e1rate"},"content":{"rendered":"<p><!-- VideographyWP Plugin Message: Automatic video embedding prevented by plugin options. --><br \/>\nVarias dotaciones de Bomberos Voluntarios de Z\u00e1rate se dirigieron hasta la f\u00e1brica Quilmes por un principio de incendio.<\/p>\n<p>  El fuego se inici\u00f3 en la zona de insumos de una planta ubicada sobre la ruta 9, a la altura del kil\u00f3metro 94. Trabajaron en el lugar unas 20 dotaciones de bomberos.<\/p>\n<p>  Un incendio en la planta que la Cervecer\u00eda y Malter\u00eda Quilmes tiene en Z\u00e1rate destruy\u00f3 el dep\u00f3sito. El siniestro fue este viernes sobre la ruta 9, a la altura del kil\u00f3metro 94, mano a Rosario.<\/p>\n<p>  Unas 20 dotaciones de bomberos de los cuarteles de Z\u00e1rate, Ingeniero Maschwitz, Gar\u00edn, Escobar y Pilar combatieron las llamas.<br \/>\n  El fuego se habr\u00eda iniciado por una falla en una m\u00e1quina en la zona de insumos de la f\u00e1brica.<\/p>\n<p>Fuente: Enlacecritico.com <\/p>\n","protected":false},"excerpt":{"rendered":"<p>Varias dotaciones de Bomberos Voluntarios de Z\u00e1rate se dirigieron hasta la f\u00e1brica Quilmes por un principio de incendio. El fuego se inici\u00f3 en la zona de insumos de una planta ubicada sobre la ruta 9, a la altura del kil\u00f3metro 94. Trabajaron en el lugar unas 20 dotaciones de bomberos. Un incendio en la planta [&hellip;]<\/p>\n","protected":false},"author":4,"featured_media":34472,"comment_status":"open","ping_status":"closed","sticky":false,"template":"","format":"standard","meta":{"om_disable_all_campaigns":false,"_jetpack_memberships_contains_paid_content":false,"footnotes":""},"categories":[621],"tags":[],"class_list":["post-34468","post","type-post","status-publish","format-standard","has-post-thumbnail","hentry","category-regionales"],"aioseo_notices":[],"gutentor_comment":0,"jetpack_featured_media_url":"https:\/\/eldiariodesanpedro.com.ar\/sitio\/wp-content\/uploads\/2018\/06\/Importante-incendio-en-la-f\u00e1brica-Quilmes-de-Z\u00e1rate.jpg","jetpack_shortlink":"https:\/\/wp.me\/p6RhLt-8XW","jetpack_sharing_enabled":true,"_links":{"self":[{"href":"https:\/\/eldiariodesanpedro.com.ar\/sitio\/wp-json\/wp\/v2\/posts\/34468","targetHints":{"allow":["GET"]}}],"collection":[{"href":"https:\/\/eldiariodesanpedro.com.ar\/sitio\/wp-json\/wp\/v2\/posts"}],"about":[{"href":"https:\/\/eldiariodesanpedro.com.ar\/sitio\/wp-json\/wp\/v2\/types\/post"}],"author":[{"embeddable":true,"href":"https:\/\/eldiariodesanpedro.com.ar\/sitio\/wp-json\/wp\/v2\/users\/4"}],"replies":[{"embeddable":true,"href":"https:\/\/eldiariodesanpedro.com.ar\/sitio\/wp-json\/wp\/v2\/comments?post=34468"}],"version-history":[{"count":1,"href":"https:\/\/eldiariodesanpedro.com.ar\/sitio\/wp-json\/wp\/v2\/posts\/34468\/revisions"}],"predecessor-version":[{"id":34474,"href":"https:\/\/eldiariodesanpedro.com.ar\/sitio\/wp-json\/wp\/v2\/posts\/34468\/revisions\/34474"}],"wp:featuredmedia":[{"embeddable":true,"href":"https:\/\/eldiariodesanpedro.com.ar\/sitio\/wp-json\/wp\/v2\/media\/34472"}],"wp:attachment":[{"href":"https:\/\/eldiariodesanpedro.com.ar\/sitio\/wp-json\/wp\/v2\/media?parent=34468"}],"wp:term":[{"taxonomy":"category","embeddable":true,"href":"https:\/\/eldiariodesanpedro.com.ar\/sitio\/wp-json\/wp\/v2\/categories?post=34468"},{"taxonomy":"post_tag","embeddable":true,"href":"https:\/\/eldiariodesanpedro.com.ar\/sitio\/wp-json\/wp\/v2\/tags?post=34468"}],"curies":[{"name":"wp","href":"https:\/\/api.w.org\/{rel}","templated":true}]}}