{"id":34467,"date":"2018-06-08T19:49:44","date_gmt":"2018-06-08T22:49:44","guid":{"rendered":"https:\/\/eldiariodesanpedro.com.ar\/sitio\/?p=34467"},"modified":"2018-06-08T19:49:44","modified_gmt":"2018-06-08T22:49:44","slug":"la-dra-monica-ortega-asume-como-titular-del-anses-local","status":"publish","type":"post","link":"https:\/\/eldiariodesanpedro.com.ar\/sitio\/la-dra-monica-ortega-asume-como-titular-del-anses-local\/","title":{"rendered":"La Dra. M\u00f3nica Ortega asume como titular del Anses local"},"content":{"rendered":"<p><!-- VideographyWP Plugin Message: Automatic video embedding prevented by plugin options. --><br \/>\nLa profesional reemplazar\u00e1 al Dr. Sergio Rosa que hab\u00eda renunciado hace unos meses atr\u00e1s. Fue propuesta por el Intendente Salazar. <\/p>\n<p>  Superada la etapa de evaluaci\u00f3n de distintos nombres para ocupar el cargo, finalmente qued\u00f3 establecido que la abogada M\u00f3nica Ortega ser\u00e1 la nueva jefa del Udai del Anses en San Pedro. <\/p>\n<p>  La letrada fue propuesta por el Intendente Cecilio Salazar a las autoridades de la entidad y, finalmente, qued\u00f3 establecido que el lunes asumir\u00e1 como responsable principal de la dependencia en nuestra ciudad.<\/p>\n<p>  Ortega se ven\u00eda desempe\u00f1ando como profesional en la Secretar\u00eda de Desarrollo Humano, puesto al que renunci\u00f3 en los \u00faltimos d\u00edas para asumir el cargo que dej\u00f3 vacante Sergio Rosa hace unos meses atr\u00e1s.<\/p>\n<p>Fuente: San Pedro Informa<\/p>\n","protected":false},"excerpt":{"rendered":"<p>La profesional reemplazar\u00e1 al Dr. Sergio Rosa que hab\u00eda renunciado hace unos meses atr\u00e1s. Fue propuesta por el Intendente Salazar. Superada la etapa de evaluaci\u00f3n de distintos nombres para ocupar el cargo, finalmente qued\u00f3 establecido que la abogada M\u00f3nica Ortega ser\u00e1 la nueva jefa del Udai del Anses en San Pedro. La letrada fue propuesta [&hellip;]<\/p>\n","protected":false},"author":4,"featured_media":34470,"comment_status":"open","ping_status":"closed","sticky":false,"template":"","format":"standard","meta":{"om_disable_all_campaigns":false,"_jetpack_memberships_contains_paid_content":false,"footnotes":""},"categories":[101,2],"tags":[],"class_list":["post-34467","post","type-post","status-publish","format-standard","has-post-thumbnail","hentry","category-interes-general-locales","category-locales"],"aioseo_notices":[],"gutentor_comment":0,"jetpack_featured_media_url":"https:\/\/eldiariodesanpedro.com.ar\/sitio\/wp-content\/uploads\/2018\/06\/M\u00f3nica-Ortega-.jpg","jetpack_shortlink":"https:\/\/wp.me\/p6RhLt-8XV","jetpack_sharing_enabled":true,"_links":{"self":[{"href":"https:\/\/eldiariodesanpedro.com.ar\/sitio\/wp-json\/wp\/v2\/posts\/34467","targetHints":{"allow":["GET"]}}],"collection":[{"href":"https:\/\/eldiariodesanpedro.com.ar\/sitio\/wp-json\/wp\/v2\/posts"}],"about":[{"href":"https:\/\/eldiariodesanpedro.com.ar\/sitio\/wp-json\/wp\/v2\/types\/post"}],"author":[{"embeddable":true,"href":"https:\/\/eldiariodesanpedro.com.ar\/sitio\/wp-json\/wp\/v2\/users\/4"}],"replies":[{"embeddable":true,"href":"https:\/\/eldiariodesanpedro.com.ar\/sitio\/wp-json\/wp\/v2\/comments?post=34467"}],"version-history":[{"count":1,"href":"https:\/\/eldiariodesanpedro.com.ar\/sitio\/wp-json\/wp\/v2\/posts\/34467\/revisions"}],"predecessor-version":[{"id":34471,"href":"https:\/\/eldiariodesanpedro.com.ar\/sitio\/wp-json\/wp\/v2\/posts\/34467\/revisions\/34471"}],"wp:featuredmedia":[{"embeddable":true,"href":"https:\/\/eldiariodesanpedro.com.ar\/sitio\/wp-json\/wp\/v2\/media\/34470"}],"wp:attachment":[{"href":"https:\/\/eldiariodesanpedro.com.ar\/sitio\/wp-json\/wp\/v2\/media?parent=34467"}],"wp:term":[{"taxonomy":"category","embeddable":true,"href":"https:\/\/eldiariodesanpedro.com.ar\/sitio\/wp-json\/wp\/v2\/categories?post=34467"},{"taxonomy":"post_tag","embeddable":true,"href":"https:\/\/eldiariodesanpedro.com.ar\/sitio\/wp-json\/wp\/v2\/tags?post=34467"}],"curies":[{"name":"wp","href":"https:\/\/api.w.org\/{rel}","templated":true}]}}