{"id":34461,"date":"2018-06-08T17:38:19","date_gmt":"2018-06-08T20:38:19","guid":{"rendered":"https:\/\/eldiariodesanpedro.com.ar\/sitio\/?p=34461"},"modified":"2018-06-08T17:38:19","modified_gmt":"2018-06-08T20:38:19","slug":"baradero-delincuentes-protagonizaron-un-reid-delictivo-al-robar-tres-propiedades","status":"publish","type":"post","link":"https:\/\/eldiariodesanpedro.com.ar\/sitio\/baradero-delincuentes-protagonizaron-un-reid-delictivo-al-robar-tres-propiedades\/","title":{"rendered":"BARADERO: Delincuentes protagonizaron un reid delictivo al robar tres propiedades"},"content":{"rendered":"<p><!-- VideographyWP Plugin Message: Automatic video embedding prevented by plugin options. --><br \/>\nEn la noche de este jueves desconocidos ingresaron a robar a tres propiedades contiguas ubicadas en Thames y Santa Mar\u00eda de Oro.<\/p>\n<p>Una sede una obra social, un consultorio y una inmobiliaria fueron los lugares elegidos. En los dos primeros generaron gran desorden ya que lograron revolver todo lo que se encontraba en ambos lugares.<\/p>\n<p>En el tercer local, abrieron la puerta y son\u00f3 inmediatamente la alarma por lo que desistieron de robar all\u00ed. \u201cNi alcanzaron a entrar\u201d afirm\u00f3 el propietario. Ah\u00ed s\u00f3lo lograron romper la puerta de ingreso.<\/p>\n<p>La responsable de la obra social que funciona en una de las propiedades a la que ingresaron cont\u00f3 al m\u00f3vil de Tu Radio que aparentemente uno de los ladrones se provoc\u00f3 una herida cortante porque en el lugar se encontraron manchas de sangre.<\/p>\n<p>Habr\u00edan ingresado por una claraboya de la sede de la obra social y salieron por un port\u00f3n del consultorio ubicado sobre Thames.<\/p>\n<p>La polic\u00eda trabaja en el lugar y se aguarda la llegada de la polic\u00eda cient\u00edfica.<\/p>\n<p>Fuente: Tu Linea Directa<\/p>\n","protected":false},"excerpt":{"rendered":"<p>En la noche de este jueves desconocidos ingresaron a robar a tres propiedades contiguas ubicadas en Thames y Santa Mar\u00eda de Oro. Una sede una obra social, un consultorio y una inmobiliaria fueron los lugares elegidos. En los dos primeros generaron gran desorden ya que lograron revolver todo lo que se encontraba en ambos lugares. [&hellip;]<\/p>\n","protected":false},"author":4,"featured_media":34462,"comment_status":"open","ping_status":"closed","sticky":false,"template":"","format":"standard","meta":{"om_disable_all_campaigns":false,"_jetpack_memberships_contains_paid_content":false,"footnotes":""},"categories":[621],"tags":[],"class_list":["post-34461","post","type-post","status-publish","format-standard","has-post-thumbnail","hentry","category-regionales"],"aioseo_notices":[],"gutentor_comment":0,"jetpack_featured_media_url":"https:\/\/eldiariodesanpedro.com.ar\/sitio\/wp-content\/uploads\/2018\/06\/robos.jpg","jetpack_shortlink":"https:\/\/wp.me\/p6RhLt-8XP","jetpack_sharing_enabled":true,"_links":{"self":[{"href":"https:\/\/eldiariodesanpedro.com.ar\/sitio\/wp-json\/wp\/v2\/posts\/34461","targetHints":{"allow":["GET"]}}],"collection":[{"href":"https:\/\/eldiariodesanpedro.com.ar\/sitio\/wp-json\/wp\/v2\/posts"}],"about":[{"href":"https:\/\/eldiariodesanpedro.com.ar\/sitio\/wp-json\/wp\/v2\/types\/post"}],"author":[{"embeddable":true,"href":"https:\/\/eldiariodesanpedro.com.ar\/sitio\/wp-json\/wp\/v2\/users\/4"}],"replies":[{"embeddable":true,"href":"https:\/\/eldiariodesanpedro.com.ar\/sitio\/wp-json\/wp\/v2\/comments?post=34461"}],"version-history":[{"count":1,"href":"https:\/\/eldiariodesanpedro.com.ar\/sitio\/wp-json\/wp\/v2\/posts\/34461\/revisions"}],"predecessor-version":[{"id":34463,"href":"https:\/\/eldiariodesanpedro.com.ar\/sitio\/wp-json\/wp\/v2\/posts\/34461\/revisions\/34463"}],"wp:featuredmedia":[{"embeddable":true,"href":"https:\/\/eldiariodesanpedro.com.ar\/sitio\/wp-json\/wp\/v2\/media\/34462"}],"wp:attachment":[{"href":"https:\/\/eldiariodesanpedro.com.ar\/sitio\/wp-json\/wp\/v2\/media?parent=34461"}],"wp:term":[{"taxonomy":"category","embeddable":true,"href":"https:\/\/eldiariodesanpedro.com.ar\/sitio\/wp-json\/wp\/v2\/categories?post=34461"},{"taxonomy":"post_tag","embeddable":true,"href":"https:\/\/eldiariodesanpedro.com.ar\/sitio\/wp-json\/wp\/v2\/tags?post=34461"}],"curies":[{"name":"wp","href":"https:\/\/api.w.org\/{rel}","templated":true}]}}