{"id":34457,"date":"2018-06-08T17:35:16","date_gmt":"2018-06-08T20:35:16","guid":{"rendered":"https:\/\/eldiariodesanpedro.com.ar\/sitio\/?p=34457"},"modified":"2018-06-08T17:35:16","modified_gmt":"2018-06-08T20:35:16","slug":"ramallo-preocupacion-por-tres-nenes-que-fueron-abandonados-en-el-barrio-sur","status":"publish","type":"post","link":"https:\/\/eldiariodesanpedro.com.ar\/sitio\/ramallo-preocupacion-por-tres-nenes-que-fueron-abandonados-en-el-barrio-sur\/","title":{"rendered":"RAMALLO: Preocupaci\u00f3n por tres nenes que fueron abandonados en el Barrio Sur"},"content":{"rendered":"<p><!-- VideographyWP Plugin Message: Automatic video embedding prevented by plugin options. --><br \/>\nSe conoci\u00f3 el caso de tres nenes que fueron abandonados en el barrio sur. La madre se habr\u00eda ido dej\u00e1ndolos al cuidado de la hija mayor, que apenas llegar\u00eda a los 13 o 14 a\u00f1os.<br \/>\nSeg\u00fan trascendi\u00f3 la mujer viv\u00eda en una casa del \u201cplan abuelo\u201d, en calle Leloir, y habr\u00eda cambiado esa vivienda por una del Barrio Sur. La mujer es madre de tres peque\u00f1os que habr\u00edan quedado solos luego de que ella decidir\u00eda irse con una persona que habr\u00eda conocido en los \u00faltimos tiempos.<\/p>\n<p>La mayor de estos tres hermanos tendr\u00eda unos 13 o 14 a\u00f1os y habr\u00eda quedado al cuidado de sus hermanitos. Una situaci\u00f3n sumamente preocupante considerando que son ni\u00f1os que est\u00e1n en etapa de crecimiento y necesitan no solo de la supervisi\u00f3n de un adulto sino tambi\u00e9n suplir sus necesidades b\u00e1sicas.<\/p>\n<p>Esta situaci\u00f3n habr\u00eda ocurrido hace m\u00e1s o menos un mes y ya habr\u00eda tomado intervenci\u00f3n en primera instancia el servicio local y posteriormente procedi\u00f3 a actuar la justicia con una medida de abrigo.<\/p>\n<p>Fuente: Ramallo Informa<\/p>\n","protected":false},"excerpt":{"rendered":"<p>Se conoci\u00f3 el caso de tres nenes que fueron abandonados en el barrio sur. La madre se habr\u00eda ido dej\u00e1ndolos al cuidado de la hija mayor, que apenas llegar\u00eda a los 13 o 14 a\u00f1os. Seg\u00fan trascendi\u00f3 la mujer viv\u00eda en una casa del \u201cplan abuelo\u201d, en calle Leloir, y habr\u00eda cambiado esa vivienda por [&hellip;]<\/p>\n","protected":false},"author":4,"featured_media":34459,"comment_status":"open","ping_status":"closed","sticky":false,"template":"","format":"standard","meta":{"om_disable_all_campaigns":false,"_jetpack_memberships_contains_paid_content":false,"footnotes":""},"categories":[621],"tags":[],"class_list":["post-34457","post","type-post","status-publish","format-standard","has-post-thumbnail","hentry","category-regionales"],"aioseo_notices":[],"gutentor_comment":0,"jetpack_featured_media_url":"https:\/\/eldiariodesanpedro.com.ar\/sitio\/wp-content\/uploads\/2018\/06\/nenes-abandonados-imagen-ilustrativa-748x491.jpg","jetpack_shortlink":"https:\/\/wp.me\/p6RhLt-8XL","jetpack_sharing_enabled":true,"_links":{"self":[{"href":"https:\/\/eldiariodesanpedro.com.ar\/sitio\/wp-json\/wp\/v2\/posts\/34457","targetHints":{"allow":["GET"]}}],"collection":[{"href":"https:\/\/eldiariodesanpedro.com.ar\/sitio\/wp-json\/wp\/v2\/posts"}],"about":[{"href":"https:\/\/eldiariodesanpedro.com.ar\/sitio\/wp-json\/wp\/v2\/types\/post"}],"author":[{"embeddable":true,"href":"https:\/\/eldiariodesanpedro.com.ar\/sitio\/wp-json\/wp\/v2\/users\/4"}],"replies":[{"embeddable":true,"href":"https:\/\/eldiariodesanpedro.com.ar\/sitio\/wp-json\/wp\/v2\/comments?post=34457"}],"version-history":[{"count":2,"href":"https:\/\/eldiariodesanpedro.com.ar\/sitio\/wp-json\/wp\/v2\/posts\/34457\/revisions"}],"predecessor-version":[{"id":34460,"href":"https:\/\/eldiariodesanpedro.com.ar\/sitio\/wp-json\/wp\/v2\/posts\/34457\/revisions\/34460"}],"wp:featuredmedia":[{"embeddable":true,"href":"https:\/\/eldiariodesanpedro.com.ar\/sitio\/wp-json\/wp\/v2\/media\/34459"}],"wp:attachment":[{"href":"https:\/\/eldiariodesanpedro.com.ar\/sitio\/wp-json\/wp\/v2\/media?parent=34457"}],"wp:term":[{"taxonomy":"category","embeddable":true,"href":"https:\/\/eldiariodesanpedro.com.ar\/sitio\/wp-json\/wp\/v2\/categories?post=34457"},{"taxonomy":"post_tag","embeddable":true,"href":"https:\/\/eldiariodesanpedro.com.ar\/sitio\/wp-json\/wp\/v2\/tags?post=34457"}],"curies":[{"name":"wp","href":"https:\/\/api.w.org\/{rel}","templated":true}]}}