{"id":34454,"date":"2018-06-08T16:15:39","date_gmt":"2018-06-08T19:15:39","guid":{"rendered":"https:\/\/eldiariodesanpedro.com.ar\/sitio\/?p=34454"},"modified":"2018-06-08T16:15:39","modified_gmt":"2018-06-08T19:15:39","slug":"mesa-de-trabajo-en-campana-con-representantes-de-11-municipios-de-la-zona-norte-bonaerense","status":"publish","type":"post","link":"https:\/\/eldiariodesanpedro.com.ar\/sitio\/mesa-de-trabajo-en-campana-con-representantes-de-11-municipios-de-la-zona-norte-bonaerense\/","title":{"rendered":"Mesa de trabajo en Campana con representantes de 11 municipios de la zona norte bonaerense"},"content":{"rendered":"<p><!-- VideographyWP Plugin Message: Automatic video embedding prevented by plugin options. --><br \/>\nCon la presencia de 11 representantes de los municipios bonaerenses aglutinados en la zona norte, se desarroll\u00f3 este mediod\u00eda en el complejo portuario \u201cEuroam\u00e9rica\u201d, en Campana, una mesa de trabajo para Secretarios y Directores de Producci\u00f3n, en la que se plantearon las problem\u00e1ticas de cada sector productivo.<\/p>\n<p>La jornada tuvo como finalidad articular soluciones a las diversas necesidades de cada comuna y tambi\u00e9n proponer una serie de objetivos destinados a mejorar la producci\u00f3n, potenciando las industrias preexistentes, promoviendo el turismo incipiente e impulsando emprendimientos.<\/p>\n<p>A ese efecto, se trataron temas relacionados con las tasas, la simplificaci\u00f3n e industrializaci\u00f3n de los procesos, la tracci\u00f3n de la obra p\u00fablica, las herramientas de financiaci\u00f3n para PyMEs, la sustentabilidad energ\u00e9tica y la radicaci\u00f3n de empresas en Parques Industriales, entre otros.<\/p>\n<p>Al finalizar la reuni\u00f3n, el ministro de Producci\u00f3n bonaerense, Javier Tizado, destac\u00f3 que fue \u201cun di\u00e1logo muy positivo para captar los problemas que tienen los municipios. Nosotros tenemos que trabajar para ellos porque son la ventanilla a donde los empresarios van a plantear sus situaciones particulares\u201d.<\/p>\n<p>\u201cVamos a ir esbozando los temas para poder ir resolvi\u00e9ndolos con una metodolog\u00eda de trabajo, respeto y libertad\u201d, sostuvo, y agreg\u00f3: \u201cEl equipo es uno solo, la Gobernadora nos imprime ese esp\u00edritu, y hemos recibido la mejor predisposici\u00f3n de otros organismos provinciales que saben que est\u00e1n para apoyar a la producci\u00f3n y son fundamentales\u201d.<\/p>\n<p>Por su parte, el intendente de Campana, Sebasti\u00e1n Abella, agradeci\u00f3 al ministro por la visita y destac\u00f3 la importancia de este tipo de reuniones ya que \u201cposibilitan el intercambio de experiencias y el trabajo en red en pos del avance y crecimiento de nuestra Provincia\u201d.<\/p>\n<p>Fueron parte del encuentro funcionarios del \u00e1rea productiva de Baradero, Campana, Exaltaci\u00f3n de la Cruz, Escobar, Jos\u00e9 C. Paz, Luj\u00e1n, Malvinas Argentinas, Pilar, San Fernando, Vicente L\u00f3pez, Z\u00e1rate.<\/p>\n","protected":false},"excerpt":{"rendered":"<p>Con la presencia de 11 representantes de los municipios bonaerenses aglutinados en la zona norte, se desarroll\u00f3 este mediod\u00eda en el complejo portuario \u201cEuroam\u00e9rica\u201d, en Campana, una mesa de trabajo para Secretarios y Directores de Producci\u00f3n, en la que se plantearon las problem\u00e1ticas de cada sector productivo. La jornada tuvo como finalidad articular soluciones a [&hellip;]<\/p>\n","protected":false},"author":4,"featured_media":34455,"comment_status":"open","ping_status":"closed","sticky":false,"template":"","format":"standard","meta":{"om_disable_all_campaigns":false,"_jetpack_memberships_contains_paid_content":false,"footnotes":""},"categories":[621],"tags":[],"class_list":["post-34454","post","type-post","status-publish","format-standard","has-post-thumbnail","hentry","category-regionales"],"aioseo_notices":[],"gutentor_comment":0,"jetpack_featured_media_url":"https:\/\/eldiariodesanpedro.com.ar\/sitio\/wp-content\/uploads\/2018\/06\/euroamerica2.jpeg","jetpack_shortlink":"https:\/\/wp.me\/p6RhLt-8XI","jetpack_sharing_enabled":true,"_links":{"self":[{"href":"https:\/\/eldiariodesanpedro.com.ar\/sitio\/wp-json\/wp\/v2\/posts\/34454","targetHints":{"allow":["GET"]}}],"collection":[{"href":"https:\/\/eldiariodesanpedro.com.ar\/sitio\/wp-json\/wp\/v2\/posts"}],"about":[{"href":"https:\/\/eldiariodesanpedro.com.ar\/sitio\/wp-json\/wp\/v2\/types\/post"}],"author":[{"embeddable":true,"href":"https:\/\/eldiariodesanpedro.com.ar\/sitio\/wp-json\/wp\/v2\/users\/4"}],"replies":[{"embeddable":true,"href":"https:\/\/eldiariodesanpedro.com.ar\/sitio\/wp-json\/wp\/v2\/comments?post=34454"}],"version-history":[{"count":1,"href":"https:\/\/eldiariodesanpedro.com.ar\/sitio\/wp-json\/wp\/v2\/posts\/34454\/revisions"}],"predecessor-version":[{"id":34456,"href":"https:\/\/eldiariodesanpedro.com.ar\/sitio\/wp-json\/wp\/v2\/posts\/34454\/revisions\/34456"}],"wp:featuredmedia":[{"embeddable":true,"href":"https:\/\/eldiariodesanpedro.com.ar\/sitio\/wp-json\/wp\/v2\/media\/34455"}],"wp:attachment":[{"href":"https:\/\/eldiariodesanpedro.com.ar\/sitio\/wp-json\/wp\/v2\/media?parent=34454"}],"wp:term":[{"taxonomy":"category","embeddable":true,"href":"https:\/\/eldiariodesanpedro.com.ar\/sitio\/wp-json\/wp\/v2\/categories?post=34454"},{"taxonomy":"post_tag","embeddable":true,"href":"https:\/\/eldiariodesanpedro.com.ar\/sitio\/wp-json\/wp\/v2\/tags?post=34454"}],"curies":[{"name":"wp","href":"https:\/\/api.w.org\/{rel}","templated":true}]}}