{"id":34428,"date":"2018-06-08T09:58:19","date_gmt":"2018-06-08T12:58:19","guid":{"rendered":"https:\/\/eldiariodesanpedro.com.ar\/sitio\/?p=34428"},"modified":"2018-06-08T11:22:25","modified_gmt":"2018-06-08T14:22:25","slug":"esta-manana-le-robaron-la-billetera","status":"publish","type":"post","link":"https:\/\/eldiariodesanpedro.com.ar\/sitio\/esta-manana-le-robaron-la-billetera\/","title":{"rendered":"Le robaron la billetera"},"content":{"rendered":"<p><!-- VideographyWP Plugin Message: Automatic video embedding prevented by plugin options. --><br \/>\nUn joven fue sorprendido por un delincuente  quien mediante amenazas le sustrajo su billetera y se dio a la fuga.<\/p>\n<p> Al amanecer del d\u00eda de hoy, un joven que circulaba en bicicleta por calle Sargento Selada fue sorprendido por un delincuente al llegar en intersecci\u00f3n con calle  Saavedra.<\/p>\n<p>El delincuente sali\u00f3 de la oscuridad y amenaz\u00e1ndolo, le sustrajo su billetera. Luego, se escap\u00f3 del lugar. Afortunadamente, el joven v\u00edctima del robo result\u00f3 ileso.<\/p>\n","protected":false},"excerpt":{"rendered":"<p>Un joven fue sorprendido por un delincuente quien mediante amenazas le sustrajo su billetera y se dio a la fuga. Al amanecer del d\u00eda de hoy, un joven que circulaba en bicicleta por calle Sargento Selada fue sorprendido por un delincuente al llegar en intersecci\u00f3n con calle Saavedra. El delincuente sali\u00f3 de la oscuridad y [&hellip;]<\/p>\n","protected":false},"author":4,"featured_media":34429,"comment_status":"open","ping_status":"closed","sticky":false,"template":"","format":"standard","meta":{"om_disable_all_campaigns":false,"_jetpack_memberships_contains_paid_content":false,"footnotes":""},"categories":[2,103],"tags":[],"class_list":["post-34428","post","type-post","status-publish","format-standard","has-post-thumbnail","hentry","category-locales","category-policiales-locales"],"aioseo_notices":[],"gutentor_comment":0,"jetpack_featured_media_url":"https:\/\/eldiariodesanpedro.com.ar\/sitio\/wp-content\/uploads\/2018\/06\/comisaria_17.jpg","jetpack_shortlink":"https:\/\/wp.me\/p6RhLt-8Xi","jetpack_sharing_enabled":true,"_links":{"self":[{"href":"https:\/\/eldiariodesanpedro.com.ar\/sitio\/wp-json\/wp\/v2\/posts\/34428","targetHints":{"allow":["GET"]}}],"collection":[{"href":"https:\/\/eldiariodesanpedro.com.ar\/sitio\/wp-json\/wp\/v2\/posts"}],"about":[{"href":"https:\/\/eldiariodesanpedro.com.ar\/sitio\/wp-json\/wp\/v2\/types\/post"}],"author":[{"embeddable":true,"href":"https:\/\/eldiariodesanpedro.com.ar\/sitio\/wp-json\/wp\/v2\/users\/4"}],"replies":[{"embeddable":true,"href":"https:\/\/eldiariodesanpedro.com.ar\/sitio\/wp-json\/wp\/v2\/comments?post=34428"}],"version-history":[{"count":2,"href":"https:\/\/eldiariodesanpedro.com.ar\/sitio\/wp-json\/wp\/v2\/posts\/34428\/revisions"}],"predecessor-version":[{"id":34434,"href":"https:\/\/eldiariodesanpedro.com.ar\/sitio\/wp-json\/wp\/v2\/posts\/34428\/revisions\/34434"}],"wp:featuredmedia":[{"embeddable":true,"href":"https:\/\/eldiariodesanpedro.com.ar\/sitio\/wp-json\/wp\/v2\/media\/34429"}],"wp:attachment":[{"href":"https:\/\/eldiariodesanpedro.com.ar\/sitio\/wp-json\/wp\/v2\/media?parent=34428"}],"wp:term":[{"taxonomy":"category","embeddable":true,"href":"https:\/\/eldiariodesanpedro.com.ar\/sitio\/wp-json\/wp\/v2\/categories?post=34428"},{"taxonomy":"post_tag","embeddable":true,"href":"https:\/\/eldiariodesanpedro.com.ar\/sitio\/wp-json\/wp\/v2\/tags?post=34428"}],"curies":[{"name":"wp","href":"https:\/\/api.w.org\/{rel}","templated":true}]}}