{"id":34425,"date":"2018-06-08T09:47:14","date_gmt":"2018-06-08T12:47:14","guid":{"rendered":"https:\/\/eldiariodesanpedro.com.ar\/sitio\/?p=34425"},"modified":"2018-06-08T11:22:36","modified_gmt":"2018-06-08T14:22:36","slug":"esta-madrugada-robaron-la-bateria-de-una-camioneta-y-fueron-aprehendidos","status":"publish","type":"post","link":"https:\/\/eldiariodesanpedro.com.ar\/sitio\/esta-madrugada-robaron-la-bateria-de-una-camioneta-y-fueron-aprehendidos\/","title":{"rendered":"Robaron la bater\u00eda de una camioneta y fueron aprehendidos"},"content":{"rendered":"<p><!-- VideographyWP Plugin Message: Automatic video embedding prevented by plugin options. --><br \/>\nDos j\u00f3venes malvivientes fueron aprehendidos esta madrugada tras perpetrar el robo de la bater\u00eda de una camioneta que estaba estacionada en la v\u00eda publica.<\/p>\n<p>Esta madrugada personal policial, alertado por vecinos,  procedi\u00f3 a la aprehensi\u00f3n de dos j\u00f3venes  de 20 y 19 a\u00f1os, en calle 11 de Septiembre y Riobamba.<\/p>\n<p>Momentos antes, hab\u00edan robado de una camioneta a Ford F \u2013 100 que, estaba estacionada sobre calle Riobamba al 500, la bater\u00eda.<\/p>\n<p>Adem\u00e1s de lograr su aprehensi\u00f3n, se pudo secuestrar un cuchillo que hab\u00edan utilizado para perpetrar el robo. La bater\u00eda de la camioneta fue recuperada. Los malvivientes fueron trasladados a la seccional policial.<\/p>\n<p>Interviene en el hecho la UFI N\u00b0 11 que, dispuso la notificaci\u00f3n de la causa por el delito en menci\u00f3n, se tomaron los recaudos legales y, quedaron alojados en la Comisar\u00eda a la espera de su presentaci\u00f3n en sede judicial durante la ma\u00f1ana.<\/p>\n","protected":false},"excerpt":{"rendered":"<p>Dos j\u00f3venes malvivientes fueron aprehendidos esta madrugada tras perpetrar el robo de la bater\u00eda de una camioneta que estaba estacionada en la v\u00eda publica. Esta madrugada personal policial, alertado por vecinos, procedi\u00f3 a la aprehensi\u00f3n de dos j\u00f3venes de 20 y 19 a\u00f1os, en calle 11 de Septiembre y Riobamba. Momentos antes, hab\u00edan robado de [&hellip;]<\/p>\n","protected":false},"author":4,"featured_media":34426,"comment_status":"open","ping_status":"closed","sticky":false,"template":"","format":"standard","meta":{"om_disable_all_campaigns":false,"_jetpack_memberships_contains_paid_content":false,"footnotes":""},"categories":[2,103],"tags":[],"class_list":["post-34425","post","type-post","status-publish","format-standard","has-post-thumbnail","hentry","category-locales","category-policiales-locales"],"aioseo_notices":[],"gutentor_comment":0,"jetpack_featured_media_url":"https:\/\/eldiariodesanpedro.com.ar\/sitio\/wp-content\/uploads\/2018\/06\/baterias-automotivas-696x466.jpg","jetpack_shortlink":"https:\/\/wp.me\/p6RhLt-8Xf","jetpack_sharing_enabled":true,"_links":{"self":[{"href":"https:\/\/eldiariodesanpedro.com.ar\/sitio\/wp-json\/wp\/v2\/posts\/34425","targetHints":{"allow":["GET"]}}],"collection":[{"href":"https:\/\/eldiariodesanpedro.com.ar\/sitio\/wp-json\/wp\/v2\/posts"}],"about":[{"href":"https:\/\/eldiariodesanpedro.com.ar\/sitio\/wp-json\/wp\/v2\/types\/post"}],"author":[{"embeddable":true,"href":"https:\/\/eldiariodesanpedro.com.ar\/sitio\/wp-json\/wp\/v2\/users\/4"}],"replies":[{"embeddable":true,"href":"https:\/\/eldiariodesanpedro.com.ar\/sitio\/wp-json\/wp\/v2\/comments?post=34425"}],"version-history":[{"count":2,"href":"https:\/\/eldiariodesanpedro.com.ar\/sitio\/wp-json\/wp\/v2\/posts\/34425\/revisions"}],"predecessor-version":[{"id":34435,"href":"https:\/\/eldiariodesanpedro.com.ar\/sitio\/wp-json\/wp\/v2\/posts\/34425\/revisions\/34435"}],"wp:featuredmedia":[{"embeddable":true,"href":"https:\/\/eldiariodesanpedro.com.ar\/sitio\/wp-json\/wp\/v2\/media\/34426"}],"wp:attachment":[{"href":"https:\/\/eldiariodesanpedro.com.ar\/sitio\/wp-json\/wp\/v2\/media?parent=34425"}],"wp:term":[{"taxonomy":"category","embeddable":true,"href":"https:\/\/eldiariodesanpedro.com.ar\/sitio\/wp-json\/wp\/v2\/categories?post=34425"},{"taxonomy":"post_tag","embeddable":true,"href":"https:\/\/eldiariodesanpedro.com.ar\/sitio\/wp-json\/wp\/v2\/tags?post=34425"}],"curies":[{"name":"wp","href":"https:\/\/api.w.org\/{rel}","templated":true}]}}