{"id":34421,"date":"2018-06-08T09:22:34","date_gmt":"2018-06-08T12:22:34","guid":{"rendered":"https:\/\/eldiariodesanpedro.com.ar\/sitio\/?p=34421"},"modified":"2018-06-08T11:22:47","modified_gmt":"2018-06-08T14:22:47","slug":"esta-manana-choque-entre-una-motocicleta-y-un-auto","status":"publish","type":"post","link":"https:\/\/eldiariodesanpedro.com.ar\/sitio\/esta-manana-choque-entre-una-motocicleta-y-un-auto\/","title":{"rendered":"Choque entre una motocicleta y un auto"},"content":{"rendered":"<p><!-- VideographyWP Plugin Message: Automatic video embedding prevented by plugin options. --><\/p>\n<p>Temprano esta ma\u00f1ana se produjo una colisi\u00f3n en la intersecci\u00f3n de calles 25 de Mayo y Lavalle, entre una motocicleta y un autom\u00f3vil.<\/p>\n<p> Cerca de la 7.30 de esta ma\u00f1ana un joven que circulaba en su motocicleta Gilera Smash gris y  negra por calle 25 de Mayo impact\u00f3 contra la puerta delantera derecha de un Chevrolet gris que circulaba por calle Lavalle.<\/p>\n<p>Como consecuencia del accidente, el joven motociclista debi\u00f3 ser trasladado por la ambulancia SAME a la Guardia del Hospital. Sufri\u00f3 heridas leves y permanec\u00eda observaci\u00f3n.<\/p>\n<p>El conductor del autom\u00f3vil result\u00f3 ileso.<\/p>\n","protected":false},"excerpt":{"rendered":"<p>Temprano esta ma\u00f1ana se produjo una colisi\u00f3n en la intersecci\u00f3n de calles 25 de Mayo y Lavalle, entre una motocicleta y un autom\u00f3vil. Cerca de la 7.30 de esta ma\u00f1ana un joven que circulaba en su motocicleta Gilera Smash gris y negra por calle 25 de Mayo impact\u00f3 contra la puerta delantera derecha de un [&hellip;]<\/p>\n","protected":false},"author":4,"featured_media":34422,"comment_status":"open","ping_status":"closed","sticky":false,"template":"","format":"standard","meta":{"om_disable_all_campaigns":false,"_jetpack_memberships_contains_paid_content":false,"footnotes":""},"categories":[2,103],"tags":[],"class_list":["post-34421","post","type-post","status-publish","format-standard","has-post-thumbnail","hentry","category-locales","category-policiales-locales"],"aioseo_notices":[],"gutentor_comment":0,"jetpack_featured_media_url":"https:\/\/eldiariodesanpedro.com.ar\/sitio\/wp-content\/uploads\/2018\/06\/IMG-20180608-WA0000.jpg","jetpack_shortlink":"https:\/\/wp.me\/p6RhLt-8Xb","jetpack_sharing_enabled":true,"_links":{"self":[{"href":"https:\/\/eldiariodesanpedro.com.ar\/sitio\/wp-json\/wp\/v2\/posts\/34421","targetHints":{"allow":["GET"]}}],"collection":[{"href":"https:\/\/eldiariodesanpedro.com.ar\/sitio\/wp-json\/wp\/v2\/posts"}],"about":[{"href":"https:\/\/eldiariodesanpedro.com.ar\/sitio\/wp-json\/wp\/v2\/types\/post"}],"author":[{"embeddable":true,"href":"https:\/\/eldiariodesanpedro.com.ar\/sitio\/wp-json\/wp\/v2\/users\/4"}],"replies":[{"embeddable":true,"href":"https:\/\/eldiariodesanpedro.com.ar\/sitio\/wp-json\/wp\/v2\/comments?post=34421"}],"version-history":[{"count":2,"href":"https:\/\/eldiariodesanpedro.com.ar\/sitio\/wp-json\/wp\/v2\/posts\/34421\/revisions"}],"predecessor-version":[{"id":34436,"href":"https:\/\/eldiariodesanpedro.com.ar\/sitio\/wp-json\/wp\/v2\/posts\/34421\/revisions\/34436"}],"wp:featuredmedia":[{"embeddable":true,"href":"https:\/\/eldiariodesanpedro.com.ar\/sitio\/wp-json\/wp\/v2\/media\/34422"}],"wp:attachment":[{"href":"https:\/\/eldiariodesanpedro.com.ar\/sitio\/wp-json\/wp\/v2\/media?parent=34421"}],"wp:term":[{"taxonomy":"category","embeddable":true,"href":"https:\/\/eldiariodesanpedro.com.ar\/sitio\/wp-json\/wp\/v2\/categories?post=34421"},{"taxonomy":"post_tag","embeddable":true,"href":"https:\/\/eldiariodesanpedro.com.ar\/sitio\/wp-json\/wp\/v2\/tags?post=34421"}],"curies":[{"name":"wp","href":"https:\/\/api.w.org\/{rel}","templated":true}]}}