{"id":34417,"date":"2018-06-07T21:10:09","date_gmt":"2018-06-08T00:10:09","guid":{"rendered":"https:\/\/eldiariodesanpedro.com.ar\/sitio\/?p=34417"},"modified":"2018-06-08T11:19:18","modified_gmt":"2018-06-08T14:19:18","slug":"encuentro-con-los-medios-locales-por-el-dia-del-periodista","status":"publish","type":"post","link":"https:\/\/eldiariodesanpedro.com.ar\/sitio\/encuentro-con-los-medios-locales-por-el-dia-del-periodista\/","title":{"rendered":"Encuentro con los medios locales por el D\u00eda del Periodista"},"content":{"rendered":"<p><!-- VideographyWP Plugin Message: Automatic video embedding prevented by plugin options. --><br \/>\n  En un encuentro informal que ya es tradici\u00f3n a lo largo de los a\u00f1os, el Intendente municipal encabez\u00f3 un encuentro con representantes de los medios de comunicaci\u00f3n de San Pedro para brindar por el D\u00eda del Periodista.<\/p>\n<p>  Propietarios, cronistas, fot\u00f3grafos y camar\u00f3grafos compartieron un momento distendido en el que el Jefe Comunal destac\u00f3 la importancia que todos tienen en la articulaci\u00f3n entre las acciones de gobierno y su llegada a la comunidad. Resalt\u00f3 el respeto y el valor que se le reconoce a la tarea diaria, especialmente de quienes acompa\u00f1an lo cotidiano, destacando aquello que se hace bien y planteando cr\u00edticas cuando corresponde. En este sentido el Intendente dijo que esas observaciones son bien recibidas para mejorar.<\/p>\n","protected":false},"excerpt":{"rendered":"<p>En un encuentro informal que ya es tradici\u00f3n a lo largo de los a\u00f1os, el Intendente municipal encabez\u00f3 un encuentro con representantes de los medios de comunicaci\u00f3n de San Pedro para brindar por el D\u00eda del Periodista. Propietarios, cronistas, fot\u00f3grafos y camar\u00f3grafos compartieron un momento distendido en el que el Jefe Comunal destac\u00f3 la importancia [&hellip;]<\/p>\n","protected":false},"author":4,"featured_media":34433,"comment_status":"open","ping_status":"closed","sticky":false,"template":"","format":"standard","meta":{"om_disable_all_campaigns":false,"_jetpack_memberships_contains_paid_content":false,"footnotes":""},"categories":[101,2],"tags":[],"class_list":["post-34417","post","type-post","status-publish","format-standard","has-post-thumbnail","hentry","category-interes-general-locales","category-locales"],"aioseo_notices":[],"gutentor_comment":0,"jetpack_featured_media_url":"https:\/\/eldiariodesanpedro.com.ar\/sitio\/wp-content\/uploads\/2018\/06\/BI4A4135-e1528467526723.jpg","jetpack_shortlink":"https:\/\/wp.me\/p6RhLt-8X7","jetpack_sharing_enabled":true,"_links":{"self":[{"href":"https:\/\/eldiariodesanpedro.com.ar\/sitio\/wp-json\/wp\/v2\/posts\/34417","targetHints":{"allow":["GET"]}}],"collection":[{"href":"https:\/\/eldiariodesanpedro.com.ar\/sitio\/wp-json\/wp\/v2\/posts"}],"about":[{"href":"https:\/\/eldiariodesanpedro.com.ar\/sitio\/wp-json\/wp\/v2\/types\/post"}],"author":[{"embeddable":true,"href":"https:\/\/eldiariodesanpedro.com.ar\/sitio\/wp-json\/wp\/v2\/users\/4"}],"replies":[{"embeddable":true,"href":"https:\/\/eldiariodesanpedro.com.ar\/sitio\/wp-json\/wp\/v2\/comments?post=34417"}],"version-history":[{"count":1,"href":"https:\/\/eldiariodesanpedro.com.ar\/sitio\/wp-json\/wp\/v2\/posts\/34417\/revisions"}],"predecessor-version":[{"id":34419,"href":"https:\/\/eldiariodesanpedro.com.ar\/sitio\/wp-json\/wp\/v2\/posts\/34417\/revisions\/34419"}],"wp:featuredmedia":[{"embeddable":true,"href":"https:\/\/eldiariodesanpedro.com.ar\/sitio\/wp-json\/wp\/v2\/media\/34433"}],"wp:attachment":[{"href":"https:\/\/eldiariodesanpedro.com.ar\/sitio\/wp-json\/wp\/v2\/media?parent=34417"}],"wp:term":[{"taxonomy":"category","embeddable":true,"href":"https:\/\/eldiariodesanpedro.com.ar\/sitio\/wp-json\/wp\/v2\/categories?post=34417"},{"taxonomy":"post_tag","embeddable":true,"href":"https:\/\/eldiariodesanpedro.com.ar\/sitio\/wp-json\/wp\/v2\/tags?post=34417"}],"curies":[{"name":"wp","href":"https:\/\/api.w.org\/{rel}","templated":true}]}}