{"id":34404,"date":"2018-06-07T20:28:19","date_gmt":"2018-06-07T23:28:19","guid":{"rendered":"https:\/\/eldiariodesanpedro.com.ar\/sitio\/?p=34404"},"modified":"2026-01-24T00:13:30","modified_gmt":"2026-01-24T03:13:30","slug":"liga-de-futbol-el-sabado-las-ligas-de-toda-la-zona-en-san-pedro-en-curso-de-capacitacion-de-nuevo-sistema-de-afa","status":"publish","type":"post","link":"https:\/\/eldiariodesanpedro.com.ar\/sitio\/liga-de-futbol-el-sabado-las-ligas-de-toda-la-zona-en-san-pedro-en-curso-de-capacitacion-de-nuevo-sistema-de-afa\/","title":{"rendered":"LIGA DE F\u00daTBOL: El s\u00e1bado las ligas de toda la zona en San Pedro en curso de capacitaci\u00f3n de nuevo sistema de AFA"},"content":{"rendered":"<p><!-- VideographyWP Plugin Message: Automatic video embedding prevented by plugin options. --><br \/>\nLa Federaci\u00f3n Norte de F\u00fatbol y el CFFA llevaran a cabo una jornada de capacitaci\u00f3n del sistema inform\u00e1tico COMET en la ciudad de San Pedro, en la sede de la Liga Sampedrina de F\u00fatbol el s\u00e1bado 9 de junio a las 14:00 hs. <\/p>\n<p>  El sistema COMET ser\u00e1 de uso obligatorio por parte de las Ligas a partir de 2019, por ese motivo Federaci\u00f3n gestion\u00f3 este encuentro entre los t\u00e9cnicos del CFFA y la Ligas afiliadas y otras que no lo son pero se encuentran cercanas para ense\u00f1ar el mejor uso del sistema inform\u00e1tico a los Secretarios Administrativos de las mismas. Cabe destacar que la liga sampedrina ya tiene el sistema obligatorio de AFA en uso. <\/p>\n<p>\u00bfQU\u00c9 ES EL COMET?<br \/>\n  Es un sistema experto que se aplica por medio inform\u00e1tico (Software) para la gesti\u00f3n administrativa y deportiva, como el registro de jugadores, entrenadores, directivos, \u00e1rbitros, clubes, escenarios deportivos, transferencias nacionales e internacionales y tambi\u00e9n para el desarrollo de las competiciones. Este sistema tiene su origen en el a\u00f1o 2003 en la Federaci\u00f3n Croata de F\u00fatbol.<\/p>\n<p>  COMET consta de una plataforma multiusuario, lo que significa que puede ser accedido por miles de usuarios simult\u00e1neamente, adem\u00e1s que se puede ejecutar desde cualquier plataforma o sistema operativo e igualmente desde cualquier dispositivo como computadores, celulares, tablets, etc.<\/p>\n<p>  Est\u00e1 avalado y autorizado por la FIFA (Federaci\u00f3n Internacional de F\u00fatbol Asociado) para desarrollarse e implementarse en todas las federaciones de f\u00fatbol del mundo entero, ya que lo que se pretende con este, es tener un registro (C\u00f3digo) \u00fanico mundial de todos los movimientos que se haga en el f\u00fatbol en lo que tiene que ver con las transacciones y registro de jugadores, entrenadores, administrativos, competencias etc.<\/p>\n","protected":false},"excerpt":{"rendered":"<p>La Federaci\u00f3n Norte de F\u00fatbol y el CFFA llevaran a cabo una jornada de capacitaci\u00f3n del sistema inform\u00e1tico COMET en la ciudad de San Pedro, en la sede de la Liga Sampedrina de F\u00fatbol el s\u00e1bado 9 de junio a las 14:00 hs. El sistema COMET ser\u00e1 de uso obligatorio por parte de las Ligas [&hellip;]<\/p>\n","protected":false},"author":4,"featured_media":21255,"comment_status":"open","ping_status":"closed","sticky":false,"template":"","format":"standard","meta":{"om_disable_all_campaigns":false,"_jetpack_memberships_contains_paid_content":false,"footnotes":""},"categories":[5],"tags":[],"class_list":["post-34404","post","type-post","status-publish","format-standard","has-post-thumbnail","hentry","category-deportes"],"aioseo_notices":[],"gutentor_comment":0,"jetpack_featured_media_url":"https:\/\/eldiariodesanpedro.com.ar\/sitio\/wp-content\/uploads\/2017\/07\/futbol-arco.jpg","jetpack_shortlink":"https:\/\/wp.me\/p6RhLt-8WU","jetpack_sharing_enabled":true,"_links":{"self":[{"href":"https:\/\/eldiariodesanpedro.com.ar\/sitio\/wp-json\/wp\/v2\/posts\/34404","targetHints":{"allow":["GET"]}}],"collection":[{"href":"https:\/\/eldiariodesanpedro.com.ar\/sitio\/wp-json\/wp\/v2\/posts"}],"about":[{"href":"https:\/\/eldiariodesanpedro.com.ar\/sitio\/wp-json\/wp\/v2\/types\/post"}],"author":[{"embeddable":true,"href":"https:\/\/eldiariodesanpedro.com.ar\/sitio\/wp-json\/wp\/v2\/users\/4"}],"replies":[{"embeddable":true,"href":"https:\/\/eldiariodesanpedro.com.ar\/sitio\/wp-json\/wp\/v2\/comments?post=34404"}],"version-history":[{"count":2,"href":"https:\/\/eldiariodesanpedro.com.ar\/sitio\/wp-json\/wp\/v2\/posts\/34404\/revisions"}],"predecessor-version":[{"id":34411,"href":"https:\/\/eldiariodesanpedro.com.ar\/sitio\/wp-json\/wp\/v2\/posts\/34404\/revisions\/34411"}],"wp:featuredmedia":[{"embeddable":true,"href":"https:\/\/eldiariodesanpedro.com.ar\/sitio\/wp-json\/wp\/v2\/media\/21255"}],"wp:attachment":[{"href":"https:\/\/eldiariodesanpedro.com.ar\/sitio\/wp-json\/wp\/v2\/media?parent=34404"}],"wp:term":[{"taxonomy":"category","embeddable":true,"href":"https:\/\/eldiariodesanpedro.com.ar\/sitio\/wp-json\/wp\/v2\/categories?post=34404"},{"taxonomy":"post_tag","embeddable":true,"href":"https:\/\/eldiariodesanpedro.com.ar\/sitio\/wp-json\/wp\/v2\/tags?post=34404"}],"curies":[{"name":"wp","href":"https:\/\/api.w.org\/{rel}","templated":true}]}}