{"id":34403,"date":"2018-06-07T20:27:45","date_gmt":"2018-06-07T23:27:45","guid":{"rendered":"https:\/\/eldiariodesanpedro.com.ar\/sitio\/?p=34403"},"modified":"2026-01-24T00:13:30","modified_gmt":"2026-01-24T03:13:30","slug":"futbol-para-ciegos-gran-expectativa-en-silvio-velo-quien-va-en-busca-del-tricampeonato-hoy-ante-iran-desde-las-9-horas","status":"publish","type":"post","link":"https:\/\/eldiariodesanpedro.com.ar\/sitio\/futbol-para-ciegos-gran-expectativa-en-silvio-velo-quien-va-en-busca-del-tricampeonato-hoy-ante-iran-desde-las-9-horas\/","title":{"rendered":"F\u00daTBOL PARA CIEGOS: Gran expectativa en Silvio Velo quien va en busca del tricampeonato. Hoy ante Ir\u00e1n desde las 9 horas"},"content":{"rendered":"<p><!-- VideographyWP Plugin Message: Automatic video embedding prevented by plugin options. --><br \/>\nEn su cuenta de Facebook el capit\u00e1n de Los Murci\u00e9lagos escribi\u00f3: \u201cHola amigos les cuento que hoy entrenamos por primera vez en la cancha oficial todo excelente y ultimando los detalles para el primer partido que se va a llevar a cabo el viernes a las 9.00 hs. de Argentina. Desde ya, cuento con el apoyo incondicional de todos ustedes, a la distancia les mando un abrazo de gol\u201d.<\/p>\n<p>  Hoy debuta la Selecci\u00f3n Argentina ante Ir\u00e1n, a las 9 (hora de nuestro pa\u00eds). El s\u00e1bado 9 a las 11:30 hs. jugar\u00e1 contra Colombia y el lunes 11 a la misma hora se enfrentar\u00e1 a Francia. <\/p>\n<p>  Se juega en Espa\u00f1a y Argentina va en busca del tricampeonato. El certamen se disputa en Madrid entre el 7 y 17 de junio.<\/p>\n<p>  El plantel est\u00e1 integrado por los arqueros Dar\u00edo Lencina y Germ\u00e1n Muleck y por los futbolistas ciegos Silvio Velo, Froil\u00e1n Padilla, Maximiliano Espinillo, Federico Accardi, Lucas Rodr\u00edguez, Nicol\u00e1s V\u00e9liz, \u00c1ngel Deldo y David Peralta. El cuerpo t\u00e9cnico est\u00e1 compuesto por Mart\u00edn Demonte, Claudio Falco, Germ\u00e1n M\u00e1rquez y Agust\u00edn Rojas.<\/p>\n<p>  En el siguiente link se podr\u00e1 seguir todas las alternativas del certamen mundial: <a href=\"https:\/\/www.youtube.com\/channel\/UCHhfodjzjYP1H6KraTEcP-A\">https:\/\/www.youtube.com\/channel\/UCHhfodjzjYP1H6KraTEcP-A<\/a><\/p>\n","protected":false},"excerpt":{"rendered":"<p>En su cuenta de Facebook el capit\u00e1n de Los Murci\u00e9lagos escribi\u00f3: \u201cHola amigos les cuento que hoy entrenamos por primera vez en la cancha oficial todo excelente y ultimando los detalles para el primer partido que se va a llevar a cabo el viernes a las 9.00 hs. de Argentina. Desde ya, cuento con el [&hellip;]<\/p>\n","protected":false},"author":4,"featured_media":34406,"comment_status":"open","ping_status":"closed","sticky":false,"template":"","format":"standard","meta":{"om_disable_all_campaigns":false,"_jetpack_memberships_contains_paid_content":false,"footnotes":""},"categories":[5],"tags":[],"class_list":["post-34403","post","type-post","status-publish","format-standard","has-post-thumbnail","hentry","category-deportes"],"aioseo_notices":[],"gutentor_comment":0,"jetpack_featured_media_url":"https:\/\/eldiariodesanpedro.com.ar\/sitio\/wp-content\/uploads\/2018\/06\/velo.jpg","jetpack_shortlink":"https:\/\/wp.me\/p6RhLt-8WT","jetpack_sharing_enabled":true,"_links":{"self":[{"href":"https:\/\/eldiariodesanpedro.com.ar\/sitio\/wp-json\/wp\/v2\/posts\/34403","targetHints":{"allow":["GET"]}}],"collection":[{"href":"https:\/\/eldiariodesanpedro.com.ar\/sitio\/wp-json\/wp\/v2\/posts"}],"about":[{"href":"https:\/\/eldiariodesanpedro.com.ar\/sitio\/wp-json\/wp\/v2\/types\/post"}],"author":[{"embeddable":true,"href":"https:\/\/eldiariodesanpedro.com.ar\/sitio\/wp-json\/wp\/v2\/users\/4"}],"replies":[{"embeddable":true,"href":"https:\/\/eldiariodesanpedro.com.ar\/sitio\/wp-json\/wp\/v2\/comments?post=34403"}],"version-history":[{"count":2,"href":"https:\/\/eldiariodesanpedro.com.ar\/sitio\/wp-json\/wp\/v2\/posts\/34403\/revisions"}],"predecessor-version":[{"id":34410,"href":"https:\/\/eldiariodesanpedro.com.ar\/sitio\/wp-json\/wp\/v2\/posts\/34403\/revisions\/34410"}],"wp:featuredmedia":[{"embeddable":true,"href":"https:\/\/eldiariodesanpedro.com.ar\/sitio\/wp-json\/wp\/v2\/media\/34406"}],"wp:attachment":[{"href":"https:\/\/eldiariodesanpedro.com.ar\/sitio\/wp-json\/wp\/v2\/media?parent=34403"}],"wp:term":[{"taxonomy":"category","embeddable":true,"href":"https:\/\/eldiariodesanpedro.com.ar\/sitio\/wp-json\/wp\/v2\/categories?post=34403"},{"taxonomy":"post_tag","embeddable":true,"href":"https:\/\/eldiariodesanpedro.com.ar\/sitio\/wp-json\/wp\/v2\/tags?post=34403"}],"curies":[{"name":"wp","href":"https:\/\/api.w.org\/{rel}","templated":true}]}}