{"id":34402,"date":"2018-06-07T20:27:02","date_gmt":"2018-06-07T23:27:02","guid":{"rendered":"https:\/\/eldiariodesanpedro.com.ar\/sitio\/?p=34402"},"modified":"2026-01-24T00:13:30","modified_gmt":"2026-01-24T03:13:30","slug":"voley-triunfo-de-nautico-ante-baradero","status":"publish","type":"post","link":"https:\/\/eldiariodesanpedro.com.ar\/sitio\/voley-triunfo-de-nautico-ante-baradero\/","title":{"rendered":"V\u00d3LEY: Triunfo de N\u00e1utico ante Baradero"},"content":{"rendered":"<p><!-- VideographyWP Plugin Message: Automatic video embedding prevented by plugin options. --><br \/>\n  N\u00e1utico San Pedro recibi\u00f3 con sus divisiones masculinas a Baradero con los siguientes resultados:<br \/>\nEn Sub 13 gan\u00f3 3-0 (16, 17,14) en Sub 15 N\u00e1utico \u00abA\u00bb 3 Baradero 0 (21, 14,23) en Sub 15 N\u00e1utico \u00abB\u00bb 0 Baradero 3 (13, 9,6) en Sub 17 N\u00e1utico 0 Baradero 3 (21, 16,18) y en Sub 19 N\u00e1utico 1 Baradero 3 (21-25, 27-25, 10-25, 18-25).<br \/>\n  El Mini de V\u00f3ley Club N\u00e1utico San Pedro viaj\u00f3 al primer Encuentro Regional en Defensores de Villa Ramallo.<\/p>\n","protected":false},"excerpt":{"rendered":"<p>N\u00e1utico San Pedro recibi\u00f3 con sus divisiones masculinas a Baradero con los siguientes resultados: En Sub 13 gan\u00f3 3-0 (16, 17,14) en Sub 15 N\u00e1utico \u00abA\u00bb 3 Baradero 0 (21, 14,23) en Sub 15 N\u00e1utico \u00abB\u00bb 0 Baradero 3 (13, 9,6) en Sub 17 N\u00e1utico 0 Baradero 3 (21, 16,18) y en Sub 19 N\u00e1utico [&hellip;]<\/p>\n","protected":false},"author":4,"featured_media":34405,"comment_status":"open","ping_status":"closed","sticky":false,"template":"","format":"standard","meta":{"om_disable_all_campaigns":false,"_jetpack_memberships_contains_paid_content":false,"footnotes":""},"categories":[5],"tags":[],"class_list":["post-34402","post","type-post","status-publish","format-standard","has-post-thumbnail","hentry","category-deportes"],"aioseo_notices":[],"gutentor_comment":0,"jetpack_featured_media_url":"https:\/\/eldiariodesanpedro.com.ar\/sitio\/wp-content\/uploads\/2018\/06\/voley-Triunfo-de-N\u00e1utico-ante-Baradero.jpg","jetpack_shortlink":"https:\/\/wp.me\/p6RhLt-8WS","jetpack_sharing_enabled":true,"_links":{"self":[{"href":"https:\/\/eldiariodesanpedro.com.ar\/sitio\/wp-json\/wp\/v2\/posts\/34402","targetHints":{"allow":["GET"]}}],"collection":[{"href":"https:\/\/eldiariodesanpedro.com.ar\/sitio\/wp-json\/wp\/v2\/posts"}],"about":[{"href":"https:\/\/eldiariodesanpedro.com.ar\/sitio\/wp-json\/wp\/v2\/types\/post"}],"author":[{"embeddable":true,"href":"https:\/\/eldiariodesanpedro.com.ar\/sitio\/wp-json\/wp\/v2\/users\/4"}],"replies":[{"embeddable":true,"href":"https:\/\/eldiariodesanpedro.com.ar\/sitio\/wp-json\/wp\/v2\/comments?post=34402"}],"version-history":[{"count":1,"href":"https:\/\/eldiariodesanpedro.com.ar\/sitio\/wp-json\/wp\/v2\/posts\/34402\/revisions"}],"predecessor-version":[{"id":34407,"href":"https:\/\/eldiariodesanpedro.com.ar\/sitio\/wp-json\/wp\/v2\/posts\/34402\/revisions\/34407"}],"wp:featuredmedia":[{"embeddable":true,"href":"https:\/\/eldiariodesanpedro.com.ar\/sitio\/wp-json\/wp\/v2\/media\/34405"}],"wp:attachment":[{"href":"https:\/\/eldiariodesanpedro.com.ar\/sitio\/wp-json\/wp\/v2\/media?parent=34402"}],"wp:term":[{"taxonomy":"category","embeddable":true,"href":"https:\/\/eldiariodesanpedro.com.ar\/sitio\/wp-json\/wp\/v2\/categories?post=34402"},{"taxonomy":"post_tag","embeddable":true,"href":"https:\/\/eldiariodesanpedro.com.ar\/sitio\/wp-json\/wp\/v2\/tags?post=34402"}],"curies":[{"name":"wp","href":"https:\/\/api.w.org\/{rel}","templated":true}]}}