{"id":34397,"date":"2018-06-07T20:14:59","date_gmt":"2018-06-07T23:14:59","guid":{"rendered":"https:\/\/eldiariodesanpedro.com.ar\/sitio\/?p=34397"},"modified":"2018-06-07T20:59:22","modified_gmt":"2018-06-07T23:59:22","slug":"mauricio-garrote-a-ramiro-no-lo-dejan-descansar-en-paz","status":"publish","type":"post","link":"https:\/\/eldiariodesanpedro.com.ar\/sitio\/mauricio-garrote-a-ramiro-no-lo-dejan-descansar-en-paz\/","title":{"rendered":"Mauricio Garrote: \u00abA Ramiro no lo dejan descansar en paz\u201d"},"content":{"rendered":"<p><!-- VideographyWP Plugin Message: Automatic video embedding prevented by plugin options. --><br \/>\nLuego de la marcha realizada d\u00edas atr\u00e1s pidiendo justicia por Ramiro, El Diario de San Pedro habl\u00f3 con Mauricio Garrote, acusado por la familia de Ramiro como el culpable del fallecimiento del joven. Garrote qued\u00f3 libre de culpa tras el juicio realizado, cont\u00f3 su versi\u00f3n de los hechos y mostr\u00f3 su dolor ante lo sucedido ese 24 de diciembre de 2013.<\/p>\n<p>  Garrote cuenta que en el momento del accidente \u00e9l no sali\u00f3 corriendo como dicen, que no estaba alcoholizado y asegura que Ramiro habr\u00eda cruzado el sem\u00e1foro en rojo. Lamenta no haber podido acercarse al padre del joven fallecido y explicarle c\u00f3mo fueron las cosas, lamenta haber salido de su casa a llevar a su amigo esa noche. Manifest\u00f3 el dolor atravesado por haber intervenido en un siniestro en el que una persona result\u00f3 fallecida. No entiende porqu\u00e9 la familia, en especial la cu\u00f1ada de Ramiro, lo indica como \u00fanico responsable del fallecimiento.<br \/>\n  Mauricio Garrote refiri\u00f3 que en el momento del accidente el no entend\u00eda nada, iba con su amigo y sintieron un estallido en el parabrisas. Cuenta que ni siquiera atinaron a frenar porque ven\u00edan despacio y que el auto sigui\u00f3 hasta pararse\u2026 una vez abajo del autom\u00f3vil, relat\u00f3 que el conductor de la camioneta que ven\u00eda detr\u00e1s de Ramiro se acerc\u00f3 y se lamentaba:<br \/>\n\u201cLoco c\u00f3mo te vas a cruzar as\u00ed, te suicidaste\u2026 c\u00f3mo no vas a usar casco, c\u00f3mo vas a cruzar as\u00ed, no pod\u00e9s cruzar en rojo\u2026\u201d<br \/>\n  Este hombre, es el mismo testigo que en el juicio declar\u00f3 que Ramiro hab\u00eda cruzado el sem\u00e1foro en verde. Seg\u00fan Garrote, la familia del joven fallecido lo presion\u00f3 para cambiar su testimonio.<\/p>\n<p>  Garrote manifest\u00f3 tambi\u00e9n, haber estado junto a la polic\u00eda en el lugar del accidente desde el momento en que sucedi\u00f3 hasta por al menos dos horas y, que brind\u00f3 todos los datos que le pidieron sin oponerse. Dijo adem\u00e1s que la polic\u00eda le dec\u00eda:<br \/>\n\u201cFlaco, ya est\u00e1, si no tuviste la culpa, se cruz\u00f3 este loco\u201d.<br \/>\n  Aunque remarc\u00f3 que los polic\u00edas estaban a desgano y no le prestaban mucha atenci\u00f3n y que, le hicieron el test de alcoholemia inform\u00e1ndole que el resultado hab\u00eda dado elevado (1,016), \u00e9l no quiso firmar el informe y pretend\u00eda que se lo hicieran nuevamente, lo que la polic\u00eda no habr\u00eda permitido dici\u00e9ndole que ya hab\u00edan pasado 5 minutos. Finalmente firm\u00f3 el informe, pero con la condici\u00f3n de que le hicieran luego un an\u00e1lisis de sangre, cuyo resultado fue negativo.<br \/>\n  En alg\u00fan momento, mientras esperaba en el lugar del accidente junto a la polic\u00eda -seg\u00fan relato de Garrote- cuenta que lleg\u00f3 su vecino, un hombre de 65 a\u00f1os que le pregunt\u00f3 c\u00f3mo estaba y si necesitaba algo, sugiri\u00e9ndole que fuera a su casa a lavarse al menos la cara, que deb\u00eda quedarse tranquilo porque ya hab\u00eda entregado toda la informaci\u00f3n a la polic\u00eda. As\u00ed fue como se retir\u00f3 caminando del lugar. En sus palabras:<br \/>\n  \u201cYo no me escap\u00e9, estuvimos con los polic\u00edas como dos horas esperando para ver c\u00f3mo estaba Ramiro, incluso vino mi vecino de 65 a\u00f1os me pregunt\u00f3 c\u00f3mo estaba, si quer\u00eda ir al ba\u00f1o o a lavarme la cara, fui y me di cuenta que hab\u00eda dejado el auto abierto y mi vecino me pregunt\u00f3 si hab\u00eda dejado todos los datos, le dije que s\u00ed. Entonces \u00e9l me dijo que me quedara tranquilo\u201d.<br \/>\n  \u201cA los polic\u00edas les el abogado les pregunt\u00f3 si yo hab\u00eda colaborado y asintieron, tambi\u00e9n si hab\u00eda salido corriendo y, ellos respondieron que no, que hab\u00eda salido caminando\u2026 los polic\u00edas estaban pelotudeando\u2026\u201d <\/p>\n<p>  Cont\u00f3 luego, que la polic\u00eda lleg\u00f3 a la casa de su vecino y lo subi\u00f3 al patrullero. Asegur\u00f3 que \u00e9l no se resisti\u00f3 ni agredi\u00f3 a los efectivos.<br \/>\n  Ya en la Comisar\u00eda, Garrote cuenta que se cruz\u00f3 con la madre de Ramiro y con el hermano, a quien le habr\u00eda contado c\u00f3mo habr\u00edan sucedido los hechos y a quien le habr\u00eda ofrecido ayuda para cualquier cosa que necesitaran. Dice que luego al fallecer Ramiro, nunca m\u00e1s volvieron a hablar. Adem\u00e1s, agreg\u00f3 que la cu\u00f1ada, quien organiz\u00f3 la marcha acus\u00e1ndolo de asesino, al momento del juicio fue invitada por el juez a que participe del mismo, neg\u00e1ndose y y\u00e9ndose de la sala sin regresar.   <\/p>\n<p><em>  Al respecto del hecho Mauricio Garrote dijo:<\/em><br \/>\n  \u201cMe sent\u00eda terrible, ser parte de algo que no ten\u00eda explicaci\u00f3n, fue horrible, yo no lo pod\u00eda creer\u2026 nosotros est\u00e1bamos cruzando cuando escuchamos el ruido\u2026 Me encantar\u00eda volver el tiempo atr\u00e1s, que hubiese tenido luces as\u00ed lo ve\u00eda. Llor\u00e9 mucho el d\u00eda del accidente y el d\u00eda que muri\u00f3 fue terrible, me cost\u00f3 mucho recuperarme\u2026 verlo en el suelo y no poder tocarlo\u2026 me hubiese encantado haberlo ayudado, que hubiera tenido casco\u2026 \u00bfPara que fui a llevar a mi amigo?<\/p>\n<p><iframe data-src=\"https:\/\/www.facebook.com\/plugins\/video.php?href=https%3A%2F%2Fwww.facebook.com%2Feldiario.desanpedro%2Fvideos%2F778641355678339%2F&#038;show_text=0&#038;width=560\" width=\"560\" height=\"315\" style=\"border:none;overflow:hidden\" scrolling=\"no\" frameborder=\"0\" allowTransparency=\"true\" allowFullScreen=\"true\" src=\"data:image\/svg+xml;base64,PHN2ZyB3aWR0aD0iMSIgaGVpZ2h0PSIxIiB4bWxucz0iaHR0cDovL3d3dy53My5vcmcvMjAwMC9zdmciPjwvc3ZnPg==\" class=\"lazyload\" data-load-mode=\"1\"><\/iframe><\/p>\n","protected":false},"excerpt":{"rendered":"<p>Luego de la marcha realizada d\u00edas atr\u00e1s pidiendo justicia por Ramiro, El Diario de San Pedro habl\u00f3 con Mauricio Garrote, acusado por la familia de Ramiro como el culpable del fallecimiento del joven. Garrote qued\u00f3 libre de culpa tras el juicio realizado, cont\u00f3 su versi\u00f3n de los hechos y mostr\u00f3 su dolor ante lo sucedido [&hellip;]<\/p>\n","protected":false},"author":4,"featured_media":34398,"comment_status":"open","ping_status":"closed","sticky":false,"template":"","format":"standard","meta":{"om_disable_all_campaigns":false,"_jetpack_memberships_contains_paid_content":false,"footnotes":""},"categories":[2,103],"tags":[],"class_list":["post-34397","post","type-post","status-publish","format-standard","has-post-thumbnail","hentry","category-locales","category-policiales-locales"],"aioseo_notices":[],"gutentor_comment":0,"jetpack_featured_media_url":"https:\/\/eldiariodesanpedro.com.ar\/sitio\/wp-content\/uploads\/2018\/06\/La-marcha-realizada-para-pedir-justicia-por-Ramiro.jpg","jetpack_shortlink":"https:\/\/wp.me\/p6RhLt-8WN","jetpack_sharing_enabled":true,"_links":{"self":[{"href":"https:\/\/eldiariodesanpedro.com.ar\/sitio\/wp-json\/wp\/v2\/posts\/34397","targetHints":{"allow":["GET"]}}],"collection":[{"href":"https:\/\/eldiariodesanpedro.com.ar\/sitio\/wp-json\/wp\/v2\/posts"}],"about":[{"href":"https:\/\/eldiariodesanpedro.com.ar\/sitio\/wp-json\/wp\/v2\/types\/post"}],"author":[{"embeddable":true,"href":"https:\/\/eldiariodesanpedro.com.ar\/sitio\/wp-json\/wp\/v2\/users\/4"}],"replies":[{"embeddable":true,"href":"https:\/\/eldiariodesanpedro.com.ar\/sitio\/wp-json\/wp\/v2\/comments?post=34397"}],"version-history":[{"count":2,"href":"https:\/\/eldiariodesanpedro.com.ar\/sitio\/wp-json\/wp\/v2\/posts\/34397\/revisions"}],"predecessor-version":[{"id":34416,"href":"https:\/\/eldiariodesanpedro.com.ar\/sitio\/wp-json\/wp\/v2\/posts\/34397\/revisions\/34416"}],"wp:featuredmedia":[{"embeddable":true,"href":"https:\/\/eldiariodesanpedro.com.ar\/sitio\/wp-json\/wp\/v2\/media\/34398"}],"wp:attachment":[{"href":"https:\/\/eldiariodesanpedro.com.ar\/sitio\/wp-json\/wp\/v2\/media?parent=34397"}],"wp:term":[{"taxonomy":"category","embeddable":true,"href":"https:\/\/eldiariodesanpedro.com.ar\/sitio\/wp-json\/wp\/v2\/categories?post=34397"},{"taxonomy":"post_tag","embeddable":true,"href":"https:\/\/eldiariodesanpedro.com.ar\/sitio\/wp-json\/wp\/v2\/tags?post=34397"}],"curies":[{"name":"wp","href":"https:\/\/api.w.org\/{rel}","templated":true}]}}