{"id":34370,"date":"2018-06-07T19:16:34","date_gmt":"2018-06-07T22:16:34","guid":{"rendered":"https:\/\/eldiariodesanpedro.com.ar\/sitio\/?p=34370"},"modified":"2018-06-07T19:16:34","modified_gmt":"2018-06-07T22:16:34","slug":"san-nicolas-lilita-carrio-estara-el-viernes-en-san-nicolas","status":"publish","type":"post","link":"https:\/\/eldiariodesanpedro.com.ar\/sitio\/san-nicolas-lilita-carrio-estara-el-viernes-en-san-nicolas\/","title":{"rendered":"SAN NICOLAS: Lilita Carri\u00f3 estar\u00e1 el viernes en San Nicol\u00e1s"},"content":{"rendered":"<p><!-- VideographyWP Plugin Message: Automatic video embedding prevented by plugin options. --><br \/>\nEn el Hotel Plaza, la legisladora nacional presentar\u00e1 el libro de la diputada del Parlasur, Mariana Zuvic, denominado \u00abEl Origen\u00bb, donde se denuncia la malversaci\u00f3n de fondos p\u00fablicos del gobierno kirchnerista.<\/p>\n<p>El pr\u00f3ximo viernes 8 de junio a las 19 horas en el Hotel Plaza, la diputada del Parlasur, Mariana Zuvic, presentar\u00e1 su libro \u00abEl Origen\u00bb, cuyo pr\u00f3logo fue escrito por la diputada Elisa Carri\u00f3, quien estar\u00e1 en nuestra ciudad presentando dicho libro.<\/p>\n<p>Mariana Zuvic es nacida y criada en R\u00edo Gallegos, Santa Cruz. Conoci\u00f3 a N\u00e9stor y Cristina desde muy peque\u00f1a porque eran amigos de sus padres. Todo comenz\u00f3 a cambiar -as\u00ed lo narra en este libro- cuando el matrimonio Kirchner dio un giro a los par\u00e1metros morales con los que se mov\u00edan en esa peque\u00f1a ciudad patag\u00f3nica.<\/p>\n<p>La investigaci\u00f3n incansable de Mariana Zuvic junto a Elisa Carri\u00f3 -que prologa este libro- fue determinante para llevar a la justicia las denuncias por malversaci\u00f3n de fondos p\u00fablicos del gobierno kirchnerista. Su historia es clave para entender qu\u00e9 pas\u00f3 -y pasa- en Santa Cruz y en la Argentina desde hace treinta a\u00f1os.<\/p>\n<p>Adem\u00e1s, este fin de semana San Nicol\u00e1s ser\u00e1 sede del Encuentro de referentes de la Coalici\u00f3n C\u00edvica-ARI. La reuni\u00f3n tendr\u00e1 lugar el s\u00e1bado 9 de junio en el Plaza Hotel, donde desde las 14:00 se celebrar\u00e1 una capacitaci\u00f3n a dirigentes pol\u00edticos sobre t\u00e9cnicas legislativas. A las 16:30, en tanto, tendr\u00e1 lugar una reuni\u00f3n Informativa a cargo de las autoridades partidarias, legisladores nacionales y provinciales. <\/p>\n<p>Fuente: Diario El Norte<\/p>\n","protected":false},"excerpt":{"rendered":"<p>En el Hotel Plaza, la legisladora nacional presentar\u00e1 el libro de la diputada del Parlasur, Mariana Zuvic, denominado \u00abEl Origen\u00bb, donde se denuncia la malversaci\u00f3n de fondos p\u00fablicos del gobierno kirchnerista. El pr\u00f3ximo viernes 8 de junio a las 19 horas en el Hotel Plaza, la diputada del Parlasur, Mariana Zuvic, presentar\u00e1 su libro \u00abEl [&hellip;]<\/p>\n","protected":false},"author":4,"featured_media":34371,"comment_status":"open","ping_status":"closed","sticky":false,"template":"","format":"standard","meta":{"om_disable_all_campaigns":false,"_jetpack_memberships_contains_paid_content":false,"footnotes":""},"categories":[621],"tags":[],"class_list":["post-34370","post","type-post","status-publish","format-standard","has-post-thumbnail","hentry","category-regionales"],"aioseo_notices":[],"gutentor_comment":0,"jetpack_featured_media_url":"https:\/\/eldiariodesanpedro.com.ar\/sitio\/wp-content\/uploads\/2018\/06\/PAGINA-7-1.jpg","jetpack_shortlink":"https:\/\/wp.me\/p6RhLt-8Wm","jetpack_sharing_enabled":true,"_links":{"self":[{"href":"https:\/\/eldiariodesanpedro.com.ar\/sitio\/wp-json\/wp\/v2\/posts\/34370","targetHints":{"allow":["GET"]}}],"collection":[{"href":"https:\/\/eldiariodesanpedro.com.ar\/sitio\/wp-json\/wp\/v2\/posts"}],"about":[{"href":"https:\/\/eldiariodesanpedro.com.ar\/sitio\/wp-json\/wp\/v2\/types\/post"}],"author":[{"embeddable":true,"href":"https:\/\/eldiariodesanpedro.com.ar\/sitio\/wp-json\/wp\/v2\/users\/4"}],"replies":[{"embeddable":true,"href":"https:\/\/eldiariodesanpedro.com.ar\/sitio\/wp-json\/wp\/v2\/comments?post=34370"}],"version-history":[{"count":1,"href":"https:\/\/eldiariodesanpedro.com.ar\/sitio\/wp-json\/wp\/v2\/posts\/34370\/revisions"}],"predecessor-version":[{"id":34372,"href":"https:\/\/eldiariodesanpedro.com.ar\/sitio\/wp-json\/wp\/v2\/posts\/34370\/revisions\/34372"}],"wp:featuredmedia":[{"embeddable":true,"href":"https:\/\/eldiariodesanpedro.com.ar\/sitio\/wp-json\/wp\/v2\/media\/34371"}],"wp:attachment":[{"href":"https:\/\/eldiariodesanpedro.com.ar\/sitio\/wp-json\/wp\/v2\/media?parent=34370"}],"wp:term":[{"taxonomy":"category","embeddable":true,"href":"https:\/\/eldiariodesanpedro.com.ar\/sitio\/wp-json\/wp\/v2\/categories?post=34370"},{"taxonomy":"post_tag","embeddable":true,"href":"https:\/\/eldiariodesanpedro.com.ar\/sitio\/wp-json\/wp\/v2\/tags?post=34370"}],"curies":[{"name":"wp","href":"https:\/\/api.w.org\/{rel}","templated":true}]}}