{"id":34367,"date":"2018-06-07T19:11:45","date_gmt":"2018-06-07T22:11:45","guid":{"rendered":"https:\/\/eldiariodesanpedro.com.ar\/sitio\/?p=34367"},"modified":"2018-06-07T19:22:52","modified_gmt":"2018-06-07T22:22:52","slug":"san-nicolas-recuperaron-los-30-mil-pesos-que-fueron-sustraidos-dias-atras","status":"publish","type":"post","link":"https:\/\/eldiariodesanpedro.com.ar\/sitio\/san-nicolas-recuperaron-los-30-mil-pesos-que-fueron-sustraidos-dias-atras\/","title":{"rendered":"SAN NICOLAS: Recuperaron los 30 mil pesos que fueron sustra\u00eddos d\u00edas atr\u00e1s"},"content":{"rendered":"<p><!-- VideographyWP Plugin Message: Automatic video embedding prevented by plugin options. --><br \/>\nLuego de tareas de investigaci\u00f3n, el gabinete de prevenci\u00f3n de la Comisar\u00eda Primera aprehendi\u00f3 al autor del robo de los 30 mil pesos sustra\u00eddos a vendedores de tarjetas. Es un sujeto de 33 a\u00f1os que tendr\u00eda una discapacidad mental.<\/p>\n<p>En el marco de la causa por hurto se realiz\u00f3 un allanamiento en calle Bogado al 500 aproximadamente donde fue detenido el sujeto. En el lugar se le incautaron $31.335, los cuales le hab\u00edan sido sustra\u00eddos a Javier Medina d\u00edas atr\u00e1s.<\/p>\n<p>Se labraron las actuaciones correspondientes y con intervenci\u00f3n del Dr. Tempo, se dispuso la entrega del dinero al damnificado y luego la libertad del detenido.<\/p>\n<p>Fuente: Diario El Informante<\/p>\n","protected":false},"excerpt":{"rendered":"<p>Luego de tareas de investigaci\u00f3n, el gabinete de prevenci\u00f3n de la Comisar\u00eda Primera aprehendi\u00f3 al autor del robo de los 30 mil pesos sustra\u00eddos a vendedores de tarjetas. Es un sujeto de 33 a\u00f1os que tendr\u00eda una discapacidad mental. En el marco de la causa por hurto se realiz\u00f3 un allanamiento en calle Bogado al [&hellip;]<\/p>\n","protected":false},"author":4,"featured_media":34368,"comment_status":"open","ping_status":"closed","sticky":false,"template":"","format":"standard","meta":{"om_disable_all_campaigns":false,"_jetpack_memberships_contains_paid_content":false,"footnotes":""},"categories":[621],"tags":[],"class_list":["post-34367","post","type-post","status-publish","format-standard","has-post-thumbnail","hentry","category-regionales"],"aioseo_notices":[],"gutentor_comment":0,"jetpack_featured_media_url":"https:\/\/eldiariodesanpedro.com.ar\/sitio\/wp-content\/uploads\/2018\/06\/PAGINA-6.jpg","jetpack_shortlink":"https:\/\/wp.me\/p6RhLt-8Wj","jetpack_sharing_enabled":true,"_links":{"self":[{"href":"https:\/\/eldiariodesanpedro.com.ar\/sitio\/wp-json\/wp\/v2\/posts\/34367","targetHints":{"allow":["GET"]}}],"collection":[{"href":"https:\/\/eldiariodesanpedro.com.ar\/sitio\/wp-json\/wp\/v2\/posts"}],"about":[{"href":"https:\/\/eldiariodesanpedro.com.ar\/sitio\/wp-json\/wp\/v2\/types\/post"}],"author":[{"embeddable":true,"href":"https:\/\/eldiariodesanpedro.com.ar\/sitio\/wp-json\/wp\/v2\/users\/4"}],"replies":[{"embeddable":true,"href":"https:\/\/eldiariodesanpedro.com.ar\/sitio\/wp-json\/wp\/v2\/comments?post=34367"}],"version-history":[{"count":1,"href":"https:\/\/eldiariodesanpedro.com.ar\/sitio\/wp-json\/wp\/v2\/posts\/34367\/revisions"}],"predecessor-version":[{"id":34369,"href":"https:\/\/eldiariodesanpedro.com.ar\/sitio\/wp-json\/wp\/v2\/posts\/34367\/revisions\/34369"}],"wp:featuredmedia":[{"embeddable":true,"href":"https:\/\/eldiariodesanpedro.com.ar\/sitio\/wp-json\/wp\/v2\/media\/34368"}],"wp:attachment":[{"href":"https:\/\/eldiariodesanpedro.com.ar\/sitio\/wp-json\/wp\/v2\/media?parent=34367"}],"wp:term":[{"taxonomy":"category","embeddable":true,"href":"https:\/\/eldiariodesanpedro.com.ar\/sitio\/wp-json\/wp\/v2\/categories?post=34367"},{"taxonomy":"post_tag","embeddable":true,"href":"https:\/\/eldiariodesanpedro.com.ar\/sitio\/wp-json\/wp\/v2\/tags?post=34367"}],"curies":[{"name":"wp","href":"https:\/\/api.w.org\/{rel}","templated":true}]}}