{"id":34357,"date":"2018-06-07T14:32:32","date_gmt":"2018-06-07T17:32:32","guid":{"rendered":"https:\/\/eldiariodesanpedro.com.ar\/sitio\/?p=34357"},"modified":"2018-06-07T14:32:32","modified_gmt":"2018-06-07T17:32:32","slug":"se-encuentra-abierta-la-inscripcion-para-la-prefectura-naval-argentina","status":"publish","type":"post","link":"https:\/\/eldiariodesanpedro.com.ar\/sitio\/se-encuentra-abierta-la-inscripcion-para-la-prefectura-naval-argentina\/","title":{"rendered":"Se encuentra abierta la inscripci\u00f3n para la Prefectura Naval Argentina"},"content":{"rendered":"<p><!-- VideographyWP Plugin Message: Automatic video embedding prevented by plugin options. --><br \/>\nLa Prefectura San Pedro informa a trav\u00e9s de Alejandro Here\u00f1u Jefe de la seccional local, que se halla abierta la inscripci\u00f3n para el ingreso a los Institutos de Formaci\u00f3n de la Instituci\u00f3n a personas de ambos sexos.<\/p>\n<p>Los interesados podr\u00e1n obtener informaci\u00f3n en la p\u00e1gina oficial de la Instituci\u00f3n www.prefecturanaval.gov.ar o en la Dependencia m\u00e1s cercana a su domicilio.<\/p>\n<p>Los seleccionados ser\u00e1n incorporados en el Instituto de Formaci\u00f3n de la Prefectura Naval Argentina ubicado en la ciudad de Z\u00e1rate.<\/p>\n<p><img decoding=\"async\" data-attachment-id=\"34359\" data-permalink=\"https:\/\/eldiariodesanpedro.com.ar\/sitio\/se-encuentra-abierta-la-inscripcion-para-la-prefectura-naval-argentina\/f999x666-19460_114525_0\/\" data-orig-file=\"https:\/\/eldiariodesanpedro.com.ar\/sitio\/wp-content\/uploads\/2018\/06\/f999x666-19460_114525_0.jpg\" data-orig-size=\"999,666\" data-comments-opened=\"1\" data-image-meta=\"{&quot;aperture&quot;:&quot;0&quot;,&quot;credit&quot;:&quot;&quot;,&quot;camera&quot;:&quot;&quot;,&quot;caption&quot;:&quot;&quot;,&quot;created_timestamp&quot;:&quot;0&quot;,&quot;copyright&quot;:&quot;&quot;,&quot;focal_length&quot;:&quot;0&quot;,&quot;iso&quot;:&quot;0&quot;,&quot;shutter_speed&quot;:&quot;0&quot;,&quot;title&quot;:&quot;&quot;,&quot;orientation&quot;:&quot;0&quot;}\" data-image-title=\"f999x666-19460_114525_0\" data-image-description=\"\" data-image-caption=\"\" data-large-file=\"https:\/\/eldiariodesanpedro.com.ar\/sitio\/wp-content\/uploads\/2018\/06\/f999x666-19460_114525_0.jpg\" class=\"alignnone size-full wp-image-34359 lazyload\" data-src=\"https:\/\/eldiariodesanpedro.com.ar\/sitio\/wp-content\/uploads\/2018\/06\/f999x666-19460_114525_0.jpg\" alt=\"\" width=\"999\" height=\"666\" data-srcset=\"https:\/\/eldiariodesanpedro.com.ar\/sitio\/wp-content\/uploads\/2018\/06\/f999x666-19460_114525_0.jpg 999w, https:\/\/eldiariodesanpedro.com.ar\/sitio\/wp-content\/uploads\/2018\/06\/f999x666-19460_114525_0-300x200.jpg 300w, https:\/\/eldiariodesanpedro.com.ar\/sitio\/wp-content\/uploads\/2018\/06\/f999x666-19460_114525_0-768x512.jpg 768w\" data-sizes=\"(max-width: 999px) 100vw, 999px\" src=\"data:image\/svg+xml;base64,PHN2ZyB3aWR0aD0iMSIgaGVpZ2h0PSIxIiB4bWxucz0iaHR0cDovL3d3dy53My5vcmcvMjAwMC9zdmciPjwvc3ZnPg==\" style=\"--smush-placeholder-width: 999px; --smush-placeholder-aspect-ratio: 999\/666;\" \/><\/p>\n","protected":false},"excerpt":{"rendered":"<p>La Prefectura San Pedro informa a trav\u00e9s de Alejandro Here\u00f1u Jefe de la seccional local, que se halla abierta la inscripci\u00f3n para el ingreso a los Institutos de Formaci\u00f3n de la Instituci\u00f3n a personas de ambos sexos. Los interesados podr\u00e1n obtener informaci\u00f3n en la p\u00e1gina oficial de la Instituci\u00f3n www.prefecturanaval.gov.ar o en la Dependencia m\u00e1s [&hellip;]<\/p>\n","protected":false},"author":4,"featured_media":34358,"comment_status":"open","ping_status":"closed","sticky":false,"template":"","format":"standard","meta":{"om_disable_all_campaigns":false,"_jetpack_memberships_contains_paid_content":false,"footnotes":""},"categories":[101,2],"tags":[],"class_list":["post-34357","post","type-post","status-publish","format-standard","has-post-thumbnail","hentry","category-interes-general-locales","category-locales"],"aioseo_notices":[],"gutentor_comment":0,"jetpack_featured_media_url":"https:\/\/eldiariodesanpedro.com.ar\/sitio\/wp-content\/uploads\/2018\/06\/61717.jpg","jetpack_shortlink":"https:\/\/wp.me\/p6RhLt-8W9","jetpack_sharing_enabled":true,"_links":{"self":[{"href":"https:\/\/eldiariodesanpedro.com.ar\/sitio\/wp-json\/wp\/v2\/posts\/34357","targetHints":{"allow":["GET"]}}],"collection":[{"href":"https:\/\/eldiariodesanpedro.com.ar\/sitio\/wp-json\/wp\/v2\/posts"}],"about":[{"href":"https:\/\/eldiariodesanpedro.com.ar\/sitio\/wp-json\/wp\/v2\/types\/post"}],"author":[{"embeddable":true,"href":"https:\/\/eldiariodesanpedro.com.ar\/sitio\/wp-json\/wp\/v2\/users\/4"}],"replies":[{"embeddable":true,"href":"https:\/\/eldiariodesanpedro.com.ar\/sitio\/wp-json\/wp\/v2\/comments?post=34357"}],"version-history":[{"count":1,"href":"https:\/\/eldiariodesanpedro.com.ar\/sitio\/wp-json\/wp\/v2\/posts\/34357\/revisions"}],"predecessor-version":[{"id":34360,"href":"https:\/\/eldiariodesanpedro.com.ar\/sitio\/wp-json\/wp\/v2\/posts\/34357\/revisions\/34360"}],"wp:featuredmedia":[{"embeddable":true,"href":"https:\/\/eldiariodesanpedro.com.ar\/sitio\/wp-json\/wp\/v2\/media\/34358"}],"wp:attachment":[{"href":"https:\/\/eldiariodesanpedro.com.ar\/sitio\/wp-json\/wp\/v2\/media?parent=34357"}],"wp:term":[{"taxonomy":"category","embeddable":true,"href":"https:\/\/eldiariodesanpedro.com.ar\/sitio\/wp-json\/wp\/v2\/categories?post=34357"},{"taxonomy":"post_tag","embeddable":true,"href":"https:\/\/eldiariodesanpedro.com.ar\/sitio\/wp-json\/wp\/v2\/tags?post=34357"}],"curies":[{"name":"wp","href":"https:\/\/api.w.org\/{rel}","templated":true}]}}