{"id":34351,"date":"2018-06-07T12:45:56","date_gmt":"2018-06-07T15:45:56","guid":{"rendered":"https:\/\/eldiariodesanpedro.com.ar\/sitio\/?p=34351"},"modified":"2018-06-07T12:51:27","modified_gmt":"2018-06-07T15:51:27","slug":"desvalijaron-el-deposito-del-supermercado-boulevard-ahorro","status":"publish","type":"post","link":"https:\/\/eldiariodesanpedro.com.ar\/sitio\/desvalijaron-el-deposito-del-supermercado-boulevard-ahorro\/","title":{"rendered":"Desvalijaron el dep\u00f3sito del Supermercado Boulevard Ahorro"},"content":{"rendered":"<p><!-- VideographyWP Plugin Message: Automatic video embedding prevented by plugin options. --><br \/>\nDelincuentes ingresaron esta madrugada a un supermercado ubicado en 3 de Febrero al 1000 donde desvalijaron el dep\u00f3sito. Fueron vistos tres delincuentes por las c\u00e1maras de seguridad .<\/p>\n<p>El hecho ocurri\u00f3 cuando en horas de la madrugada alrededor de las 02 hs, delincuentes ingresaron por el patio trasero que da a un terreno bald\u00edo al dep\u00f3sito del supermercado \u00abBoulevard Ahorro\u00bb de calle 3 de Febrero al 1000.<\/p>\n<p>Dialogamos con el propietario Enzo Gravino donde nos cont\u00f3 que se llevaron muchisima mercaderia ademas de haber dejado todo revuelto el dep\u00f3sito y mercader\u00eda tirada en el patio y en el terreno bald\u00edo por donde ingresaron, fueron tres delincuentes vistos por la c\u00e1mara de seguridad que cuando se dan cuenta de ella logran taparla y el propietario del lugar supone que se llevaron mucho valor en mercader\u00edas.<\/p>\n<p><img decoding=\"async\" data-attachment-id=\"34354\" data-permalink=\"https:\/\/eldiariodesanpedro.com.ar\/sitio\/desvalijaron-el-deposito-del-supermercado-boulevard-ahorro\/11539618_114219728916923_1252954732617565575_n\/\" data-orig-file=\"https:\/\/eldiariodesanpedro.com.ar\/sitio\/wp-content\/uploads\/2018\/06\/11539618_114219728916923_1252954732617565575_n.jpg\" data-orig-size=\"960,720\" data-comments-opened=\"1\" data-image-meta=\"{&quot;aperture&quot;:&quot;0&quot;,&quot;credit&quot;:&quot;&quot;,&quot;camera&quot;:&quot;&quot;,&quot;caption&quot;:&quot;&quot;,&quot;created_timestamp&quot;:&quot;0&quot;,&quot;copyright&quot;:&quot;&quot;,&quot;focal_length&quot;:&quot;0&quot;,&quot;iso&quot;:&quot;0&quot;,&quot;shutter_speed&quot;:&quot;0&quot;,&quot;title&quot;:&quot;&quot;,&quot;orientation&quot;:&quot;0&quot;}\" data-image-title=\"11539618_114219728916923_1252954732617565575_n\" data-image-description=\"\" data-image-caption=\"\" data-large-file=\"https:\/\/eldiariodesanpedro.com.ar\/sitio\/wp-content\/uploads\/2018\/06\/11539618_114219728916923_1252954732617565575_n.jpg\" class=\"alignnone  wp-image-34354 lazyload\" data-src=\"https:\/\/eldiariodesanpedro.com.ar\/sitio\/wp-content\/uploads\/2018\/06\/11539618_114219728916923_1252954732617565575_n.jpg\" alt=\"\" width=\"554\" height=\"415\" data-srcset=\"https:\/\/eldiariodesanpedro.com.ar\/sitio\/wp-content\/uploads\/2018\/06\/11539618_114219728916923_1252954732617565575_n.jpg 960w, https:\/\/eldiariodesanpedro.com.ar\/sitio\/wp-content\/uploads\/2018\/06\/11539618_114219728916923_1252954732617565575_n-300x225.jpg 300w, https:\/\/eldiariodesanpedro.com.ar\/sitio\/wp-content\/uploads\/2018\/06\/11539618_114219728916923_1252954732617565575_n-768x576.jpg 768w\" data-sizes=\"(max-width: 554px) 100vw, 554px\" src=\"data:image\/svg+xml;base64,PHN2ZyB3aWR0aD0iMSIgaGVpZ2h0PSIxIiB4bWxucz0iaHR0cDovL3d3dy53My5vcmcvMjAwMC9zdmciPjwvc3ZnPg==\" style=\"--smush-placeholder-width: 554px; --smush-placeholder-aspect-ratio: 554\/415;\" \/><\/p>\n<p><iframe style=\"border: none; overflow: hidden;\" data-src=\"https:\/\/www.facebook.com\/plugins\/video.php?href=https%3A%2F%2Fwww.facebook.com%2Feldiario.desanpedro%2Fvideos%2F778593545683120%2F&amp;show_text=0&amp;width=560\" width=\"560\" height=\"315\" frameborder=\"0\" scrolling=\"no\" allowfullscreen=\"allowfullscreen\" src=\"data:image\/svg+xml;base64,PHN2ZyB3aWR0aD0iMSIgaGVpZ2h0PSIxIiB4bWxucz0iaHR0cDovL3d3dy53My5vcmcvMjAwMC9zdmciPjwvc3ZnPg==\" class=\"lazyload\" data-load-mode=\"1\"><\/iframe><\/p>\n","protected":false},"excerpt":{"rendered":"<p>Delincuentes ingresaron esta madrugada a un supermercado ubicado en 3 de Febrero al 1000 donde desvalijaron el dep\u00f3sito. Fueron vistos tres delincuentes por las c\u00e1maras de seguridad . El hecho ocurri\u00f3 cuando en horas de la madrugada alrededor de las 02 hs, delincuentes ingresaron por el patio trasero que da a un terreno bald\u00edo al [&hellip;]<\/p>\n","protected":false},"author":4,"featured_media":34352,"comment_status":"open","ping_status":"closed","sticky":false,"template":"","format":"standard","meta":{"om_disable_all_campaigns":false,"_jetpack_memberships_contains_paid_content":false,"footnotes":""},"categories":[50,2,103],"tags":[],"class_list":["post-34351","post","type-post","status-publish","format-standard","has-post-thumbnail","hentry","category-destacadas","category-locales","category-policiales-locales"],"aioseo_notices":[],"gutentor_comment":0,"jetpack_featured_media_url":"https:\/\/eldiariodesanpedro.com.ar\/sitio\/wp-content\/uploads\/2018\/06\/2018-06-07.png","jetpack_shortlink":"https:\/\/wp.me\/p6RhLt-8W3","jetpack_sharing_enabled":true,"_links":{"self":[{"href":"https:\/\/eldiariodesanpedro.com.ar\/sitio\/wp-json\/wp\/v2\/posts\/34351","targetHints":{"allow":["GET"]}}],"collection":[{"href":"https:\/\/eldiariodesanpedro.com.ar\/sitio\/wp-json\/wp\/v2\/posts"}],"about":[{"href":"https:\/\/eldiariodesanpedro.com.ar\/sitio\/wp-json\/wp\/v2\/types\/post"}],"author":[{"embeddable":true,"href":"https:\/\/eldiariodesanpedro.com.ar\/sitio\/wp-json\/wp\/v2\/users\/4"}],"replies":[{"embeddable":true,"href":"https:\/\/eldiariodesanpedro.com.ar\/sitio\/wp-json\/wp\/v2\/comments?post=34351"}],"version-history":[{"count":3,"href":"https:\/\/eldiariodesanpedro.com.ar\/sitio\/wp-json\/wp\/v2\/posts\/34351\/revisions"}],"predecessor-version":[{"id":34356,"href":"https:\/\/eldiariodesanpedro.com.ar\/sitio\/wp-json\/wp\/v2\/posts\/34351\/revisions\/34356"}],"wp:featuredmedia":[{"embeddable":true,"href":"https:\/\/eldiariodesanpedro.com.ar\/sitio\/wp-json\/wp\/v2\/media\/34352"}],"wp:attachment":[{"href":"https:\/\/eldiariodesanpedro.com.ar\/sitio\/wp-json\/wp\/v2\/media?parent=34351"}],"wp:term":[{"taxonomy":"category","embeddable":true,"href":"https:\/\/eldiariodesanpedro.com.ar\/sitio\/wp-json\/wp\/v2\/categories?post=34351"},{"taxonomy":"post_tag","embeddable":true,"href":"https:\/\/eldiariodesanpedro.com.ar\/sitio\/wp-json\/wp\/v2\/tags?post=34351"}],"curies":[{"name":"wp","href":"https:\/\/api.w.org\/{rel}","templated":true}]}}