{"id":34340,"date":"2018-06-06T20:52:20","date_gmt":"2018-06-06T23:52:20","guid":{"rendered":"https:\/\/eldiariodesanpedro.com.ar\/sitio\/?p=34340"},"modified":"2026-01-24T00:13:30","modified_gmt":"2026-01-24T03:13:30","slug":"ciclismo-san-pedro-copo-el-podio-principal","status":"publish","type":"post","link":"https:\/\/eldiariodesanpedro.com.ar\/sitio\/ciclismo-san-pedro-copo-el-podio-principal\/","title":{"rendered":"CICLISMO:  San Pedro cop\u00f3 el podio principal"},"content":{"rendered":"<p><!-- VideographyWP Plugin Message: Automatic video embedding prevented by plugin options. --><br \/>\n  Fr\u00edo domingo en el Panor\u00e1mico del Oeste, jornada organizada por Pro Ciclismo San Pedro, como ocurre asiduamente se destaca por el veloz ritmo impuesto de los participantes, la competencia reservada a M\u00e1ster \u00abC\u00bb y Mayores, donde consiguen un giro de ventaja, Pedro Marcelini, Fredy Lemos, Rub\u00e9n Mallada, N\u00e9stor \u00abChicho\u00bb Varela y de esta manera subir al podio a recibir la premiaci\u00f3n estipulada en la programaci\u00f3n; Luego en la prueba de fondo, en la cual los intentos de fuga resultaron constantes, pero r\u00e1pidamente contrarrestados hasta la vuelta definitoria, donde Cristian Monz\u00f3n, sorprende en el momento justo y cruza la meta airoso para quedarse con el triunfo principal del domingo 3 de Junio.<\/p>\n<p>  La Perla destacada, de color y orgullo en la jornada de Pro Ciclismo, la familia de Iv\u00e1n Ruiz, Medalla de Plata en la prueba \u00abMadison\u00bb, en Los Juegos Odesur, Cochabamba 2018, a escasas horas de tan trascendental logro para el Ciclismo Nacional, estuvieron participando del programa desarrollado en el Panor\u00e1mico del Oeste.<\/p>\n<p><strong>INFANTILES<\/strong><br \/>\nParticiparon: Abril Galindez (Pilar), Gonzalo Paz, Lucas Guerra, Thiago Gonz\u00e1lez (San Lorenzo), Laureano Cardoso, Gabriel Toledo (Luj\u00e1n), Kevin Guerra, Agust\u00edn Toledo (Luj\u00e1n) y Fantino Giuliani.<\/p>\n<p><strong>Clasificaciones<\/strong><\/p>\n<p><em>VALIENTES<\/em><br \/>\n1\u00ba H\u00e9ctor Dallochio<br \/>\n2\u00ba Oscar Berventan<br \/>\n3\u00ba Marcelino Oro\u00f1o<\/p>\n<p><em>PE\u00d1A CICLISTAS SAMPEDRINOS<\/em><br \/>\n1\u00ba Miguel Galindez<br \/>\n2\u00ba Daniel Chipolini<br \/>\n3\u00ba Manuel \u201cTucumano\u201d Nievas<br \/>\n4\u00ba Javier Gorbar\u00e1n<br \/>\n5\u00ba Pablo Guerra<\/p>\n<p>Ganador Sprint especial: Pablo Guerra<\/p>\n<p><em>M\u00c1STER \u00abD\u00bb Y DAMAS<\/em><br \/>\n1\u00aa Carla Grillo (San Nicol\u00e1s)<br \/>\n2\u00ba Rub\u00e9n Morales (San Pedro)<br \/>\n3\u00ba Luis Rossi (Campana)<br \/>\n4\u00aa Marcela Morales (Luj\u00e1n)<br \/>\n5\u00aa Virginia Folis (San Pedro)<\/p>\n<p><em>MENORES<\/em><br \/>\n1\u00ba Valent\u00edn Manzo (San Pedro)<br \/>\n2\u00ba Daniel Boaglio (Jr.) (San Pedro)<br \/>\n3\u00ba Ignacio Garc\u00eda (Santa Luc\u00eda)<br \/>\n4\u00ba Diego Ojeda (Pergamino)<br \/>\n5\u00ba Juan Quintana (San Pedro) <\/p>\n<p><em>M\u00c1STER \u00abC\u00bb Y MAYORES<\/em><br \/>\n1\u00ba Pedro Marcelini (Col\u00f3n)<br \/>\n2\u00ba Fredy Lemos (Luj\u00e1n)<br \/>\n3\u00ba Rub\u00e9n Mallada (Z\u00e1rate)<br \/>\n4\u00b0 Varela (Arrecifes)<br \/>\n5\u00ba Claudio Varela (Arrecifes)<\/p>\n<p>Ganadores Embalajes especiales: Cesar Gim\u00e9nez (Capit\u00e1n Sarmiento) y Jos\u00e9 Luis Pereyra.<\/p>\n<p><em>PROMOCIONAL M\u00c1STER \u00abA\u00bb M\u00c1STER \u00abB\u00bb e INVITADOS<\/em><br \/>\n1\u00ba Cristian Monz\u00f3n (San Pedro)<br \/>\n2\u00ba L\u00e1zaro Villarruel<br \/>\n3\u00ba Agust\u00edn Basualdo<br \/>\n4\u00ba Francisco Chipolini<br \/>\n5\u00ba Mariano Manzo<\/p>\n<p>Ganadores Sprint: Juan Jos\u00e9 Paz &#8211; Luciano Pereyra (Rosario) &#8211; Lukas Dundic (Salto) &#8211; Cristian Monz\u00f3n &#8211; Mariano Manzo y L\u00e1zaro Villarruel.<\/p>\n","protected":false},"excerpt":{"rendered":"<p>Fr\u00edo domingo en el Panor\u00e1mico del Oeste, jornada organizada por Pro Ciclismo San Pedro, como ocurre asiduamente se destaca por el veloz ritmo impuesto de los participantes, la competencia reservada a M\u00e1ster \u00abC\u00bb y Mayores, donde consiguen un giro de ventaja, Pedro Marcelini, Fredy Lemos, Rub\u00e9n Mallada, N\u00e9stor \u00abChicho\u00bb Varela y de esta manera subir [&hellip;]<\/p>\n","protected":false},"author":4,"featured_media":34344,"comment_status":"open","ping_status":"closed","sticky":false,"template":"","format":"standard","meta":{"om_disable_all_campaigns":false,"_jetpack_memberships_contains_paid_content":false,"footnotes":""},"categories":[5],"tags":[],"class_list":["post-34340","post","type-post","status-publish","format-standard","has-post-thumbnail","hentry","category-deportes"],"aioseo_notices":[],"gutentor_comment":0,"jetpack_featured_media_url":"https:\/\/eldiariodesanpedro.com.ar\/sitio\/wp-content\/uploads\/2018\/06\/foto-2-07-06-18-Cristian-Monzon-Copiar-1.jpg","jetpack_shortlink":"https:\/\/wp.me\/p6RhLt-8VS","jetpack_sharing_enabled":true,"_links":{"self":[{"href":"https:\/\/eldiariodesanpedro.com.ar\/sitio\/wp-json\/wp\/v2\/posts\/34340","targetHints":{"allow":["GET"]}}],"collection":[{"href":"https:\/\/eldiariodesanpedro.com.ar\/sitio\/wp-json\/wp\/v2\/posts"}],"about":[{"href":"https:\/\/eldiariodesanpedro.com.ar\/sitio\/wp-json\/wp\/v2\/types\/post"}],"author":[{"embeddable":true,"href":"https:\/\/eldiariodesanpedro.com.ar\/sitio\/wp-json\/wp\/v2\/users\/4"}],"replies":[{"embeddable":true,"href":"https:\/\/eldiariodesanpedro.com.ar\/sitio\/wp-json\/wp\/v2\/comments?post=34340"}],"version-history":[{"count":1,"href":"https:\/\/eldiariodesanpedro.com.ar\/sitio\/wp-json\/wp\/v2\/posts\/34340\/revisions"}],"predecessor-version":[{"id":34345,"href":"https:\/\/eldiariodesanpedro.com.ar\/sitio\/wp-json\/wp\/v2\/posts\/34340\/revisions\/34345"}],"wp:featuredmedia":[{"embeddable":true,"href":"https:\/\/eldiariodesanpedro.com.ar\/sitio\/wp-json\/wp\/v2\/media\/34344"}],"wp:attachment":[{"href":"https:\/\/eldiariodesanpedro.com.ar\/sitio\/wp-json\/wp\/v2\/media?parent=34340"}],"wp:term":[{"taxonomy":"category","embeddable":true,"href":"https:\/\/eldiariodesanpedro.com.ar\/sitio\/wp-json\/wp\/v2\/categories?post=34340"},{"taxonomy":"post_tag","embeddable":true,"href":"https:\/\/eldiariodesanpedro.com.ar\/sitio\/wp-json\/wp\/v2\/tags?post=34340"}],"curies":[{"name":"wp","href":"https:\/\/api.w.org\/{rel}","templated":true}]}}