{"id":34334,"date":"2018-06-06T20:47:23","date_gmt":"2018-06-06T23:47:23","guid":{"rendered":"https:\/\/eldiariodesanpedro.com.ar\/sitio\/?p=34334"},"modified":"2018-06-06T20:47:23","modified_gmt":"2018-06-06T23:47:23","slug":"san-nicolas-robaron-un-automovil-chocaron-contra-una-vivienda-y-huyeron","status":"publish","type":"post","link":"https:\/\/eldiariodesanpedro.com.ar\/sitio\/san-nicolas-robaron-un-automovil-chocaron-contra-una-vivienda-y-huyeron\/","title":{"rendered":"SAN NICOL\u00c1S: Robaron un autom\u00f3vil, chocaron contra una vivienda y huyeron"},"content":{"rendered":"<p><!-- VideographyWP Plugin Message: Automatic video embedding prevented by plugin options. --><br \/>\nSujetos desconocidos se colaron en un garaje de calle San Lorenzo, en barrio Pezzi y se llevaron un Fiat Uno. Por causas que son investigadas, los mismos chocaron el auto sustra\u00eddo contra una vivienda de barrio La Florida provocando importantes da\u00f1os. Luego del impacto dejaron el coche abandonado dentro de la casa. La polic\u00eda investiga para identificar a los culpables.<\/p>\n<p>  Una intensa madrugada fue la que vivi\u00f3 una familia de barrio La Florida cuando sintieron un ruido como una explosi\u00f3n en su casa y se encontraron con un autom\u00f3vil Fiat Uno, incrustado dentro de su domicilio luego de atravesar una pared. La sorpresa fue cuando descubrieron que no hab\u00eda nadie adentro el veh\u00edculo y se terminaron enterando que ese auto acababa de ser robado.<\/p>\n<p>  El hecho ocurri\u00f3 temprano en horas de la ma\u00f1ana cuando sujetos desconocidos aprovecharon que en calle San Lorenzo a la altura del 700, Santiago de 75 a\u00f1os, hab\u00eda dejado la puerta del garaje abierto de su vivienda y se colaron llev\u00e1ndose el auto, un Fiat Uno.<\/p>\n","protected":false},"excerpt":{"rendered":"<p>Sujetos desconocidos se colaron en un garaje de calle San Lorenzo, en barrio Pezzi y se llevaron un Fiat Uno. Por causas que son investigadas, los mismos chocaron el auto sustra\u00eddo contra una vivienda de barrio La Florida provocando importantes da\u00f1os. Luego del impacto dejaron el coche abandonado dentro de la casa. La polic\u00eda investiga [&hellip;]<\/p>\n","protected":false},"author":4,"featured_media":34336,"comment_status":"open","ping_status":"closed","sticky":false,"template":"","format":"standard","meta":{"om_disable_all_campaigns":false,"_jetpack_memberships_contains_paid_content":false,"footnotes":""},"categories":[621],"tags":[],"class_list":["post-34334","post","type-post","status-publish","format-standard","has-post-thumbnail","hentry","category-regionales"],"aioseo_notices":[],"gutentor_comment":0,"jetpack_featured_media_url":"https:\/\/eldiariodesanpedro.com.ar\/sitio\/wp-content\/uploads\/2018\/06\/As\u00ed-qued\u00f3-la-casa-luego-que-el-auto-impactara-contra-ella.jpg","jetpack_shortlink":"https:\/\/wp.me\/p6RhLt-8VM","jetpack_sharing_enabled":true,"_links":{"self":[{"href":"https:\/\/eldiariodesanpedro.com.ar\/sitio\/wp-json\/wp\/v2\/posts\/34334","targetHints":{"allow":["GET"]}}],"collection":[{"href":"https:\/\/eldiariodesanpedro.com.ar\/sitio\/wp-json\/wp\/v2\/posts"}],"about":[{"href":"https:\/\/eldiariodesanpedro.com.ar\/sitio\/wp-json\/wp\/v2\/types\/post"}],"author":[{"embeddable":true,"href":"https:\/\/eldiariodesanpedro.com.ar\/sitio\/wp-json\/wp\/v2\/users\/4"}],"replies":[{"embeddable":true,"href":"https:\/\/eldiariodesanpedro.com.ar\/sitio\/wp-json\/wp\/v2\/comments?post=34334"}],"version-history":[{"count":1,"href":"https:\/\/eldiariodesanpedro.com.ar\/sitio\/wp-json\/wp\/v2\/posts\/34334\/revisions"}],"predecessor-version":[{"id":34337,"href":"https:\/\/eldiariodesanpedro.com.ar\/sitio\/wp-json\/wp\/v2\/posts\/34334\/revisions\/34337"}],"wp:featuredmedia":[{"embeddable":true,"href":"https:\/\/eldiariodesanpedro.com.ar\/sitio\/wp-json\/wp\/v2\/media\/34336"}],"wp:attachment":[{"href":"https:\/\/eldiariodesanpedro.com.ar\/sitio\/wp-json\/wp\/v2\/media?parent=34334"}],"wp:term":[{"taxonomy":"category","embeddable":true,"href":"https:\/\/eldiariodesanpedro.com.ar\/sitio\/wp-json\/wp\/v2\/categories?post=34334"},{"taxonomy":"post_tag","embeddable":true,"href":"https:\/\/eldiariodesanpedro.com.ar\/sitio\/wp-json\/wp\/v2\/tags?post=34334"}],"curies":[{"name":"wp","href":"https:\/\/api.w.org\/{rel}","templated":true}]}}