{"id":34330,"date":"2018-06-06T20:45:16","date_gmt":"2018-06-06T23:45:16","guid":{"rendered":"https:\/\/eldiariodesanpedro.com.ar\/sitio\/?p=34330"},"modified":"2018-06-06T20:45:16","modified_gmt":"2018-06-06T23:45:16","slug":"pergamino-iba-en-remis-murio-en-pergamino-pero-siguieron-viaje-a-entre-rios","status":"publish","type":"post","link":"https:\/\/eldiariodesanpedro.com.ar\/sitio\/pergamino-iba-en-remis-murio-en-pergamino-pero-siguieron-viaje-a-entre-rios\/","title":{"rendered":"PERGAMINO: Iba en rem\u00eds, muri\u00f3 en Pergamino, pero siguieron viaje a Entre R\u00edos"},"content":{"rendered":"<p><!-- VideographyWP Plugin Message: Automatic video embedding prevented by plugin options. --><br \/>\nLa Justicia de la provincia de Entre R\u00edos investiga a dos pampeanos que trasladaron a una mujer fallecida a bordo de un rem\u00eds unos 800 kil\u00f3metros. La v\u00edctima, identificada como Exequiela Maydana (62) viv\u00eda en la peque\u00f1a localidad de Sarah y padec\u00eda de una enfermedad terminal. Es por ello que su hija, una mujer de apellido Mi\u00f1o y de 30 a\u00f1os que viv\u00eda con ella, hizo caso al pedido de su madre y la llev\u00f3 a la ciudad entrerriana de Colonia Federal, donde hab\u00eda pasado su ni\u00f1ez y a\u00fan tiene algunas hermanas.<\/p>\n<p>  Para hacer el viaje la hija de la mujer contrat\u00f3 a un conocido remisero de Bernardo Larroud\u00e9, de apellido Salaberry (83). Durante el viaje, a la altura de Pergamino, la mujer not\u00f3 que su madre hab\u00eda fallecido y al ser consultada en los tribunales entrerrianos, asegur\u00f3 que notific\u00f3 de ello al conductor del rem\u00eds. Sin embargo, el remisero declar\u00f3 que nunca escuch\u00f3 esto, dado que caso contrario, se hubiera detenido de inmediato.<br \/>\n  Al llegar a Colonia Federal se dirigieron a la Comisar\u00eda y pusieron en aviso a las autoridades que viajaban con una mujer que hab\u00eda fallecido en el viaje que hab\u00eda durado 14 horas.<\/p>\n<p>  En el hecho tom\u00f3 intervenci\u00f3n la Fiscal Susana Irurz\u00fan, que se manten\u00eda a espera los resultados de la autopsia para conocer la hora del deceso.<\/p>\n<p>  Tanto el remisero como la hija de la fallecida, a quienes se les imputa el cargo de abandono de persona, quedaron detenidos con prisi\u00f3n preventiva. Sin embargo, el conductor ya fue liberado y la mujer permanecer\u00e1 detenida tres d\u00edas.<\/p>\n<p>Fuente: Pergamino Verdad<\/p>\n","protected":false},"excerpt":{"rendered":"<p>La Justicia de la provincia de Entre R\u00edos investiga a dos pampeanos que trasladaron a una mujer fallecida a bordo de un rem\u00eds unos 800 kil\u00f3metros. La v\u00edctima, identificada como Exequiela Maydana (62) viv\u00eda en la peque\u00f1a localidad de Sarah y padec\u00eda de una enfermedad terminal. Es por ello que su hija, una mujer de [&hellip;]<\/p>\n","protected":false},"author":4,"featured_media":34333,"comment_status":"open","ping_status":"closed","sticky":false,"template":"","format":"standard","meta":{"om_disable_all_campaigns":false,"_jetpack_memberships_contains_paid_content":false,"footnotes":""},"categories":[621],"tags":[],"class_list":["post-34330","post","type-post","status-publish","format-standard","has-post-thumbnail","hentry","category-regionales"],"aioseo_notices":[],"gutentor_comment":0,"jetpack_featured_media_url":"https:\/\/eldiariodesanpedro.com.ar\/sitio\/wp-content\/uploads\/2018\/06\/viaje-en-ruta.jpg","jetpack_shortlink":"https:\/\/wp.me\/p6RhLt-8VI","jetpack_sharing_enabled":true,"_links":{"self":[{"href":"https:\/\/eldiariodesanpedro.com.ar\/sitio\/wp-json\/wp\/v2\/posts\/34330","targetHints":{"allow":["GET"]}}],"collection":[{"href":"https:\/\/eldiariodesanpedro.com.ar\/sitio\/wp-json\/wp\/v2\/posts"}],"about":[{"href":"https:\/\/eldiariodesanpedro.com.ar\/sitio\/wp-json\/wp\/v2\/types\/post"}],"author":[{"embeddable":true,"href":"https:\/\/eldiariodesanpedro.com.ar\/sitio\/wp-json\/wp\/v2\/users\/4"}],"replies":[{"embeddable":true,"href":"https:\/\/eldiariodesanpedro.com.ar\/sitio\/wp-json\/wp\/v2\/comments?post=34330"}],"version-history":[{"count":1,"href":"https:\/\/eldiariodesanpedro.com.ar\/sitio\/wp-json\/wp\/v2\/posts\/34330\/revisions"}],"predecessor-version":[{"id":34335,"href":"https:\/\/eldiariodesanpedro.com.ar\/sitio\/wp-json\/wp\/v2\/posts\/34330\/revisions\/34335"}],"wp:featuredmedia":[{"embeddable":true,"href":"https:\/\/eldiariodesanpedro.com.ar\/sitio\/wp-json\/wp\/v2\/media\/34333"}],"wp:attachment":[{"href":"https:\/\/eldiariodesanpedro.com.ar\/sitio\/wp-json\/wp\/v2\/media?parent=34330"}],"wp:term":[{"taxonomy":"category","embeddable":true,"href":"https:\/\/eldiariodesanpedro.com.ar\/sitio\/wp-json\/wp\/v2\/categories?post=34330"},{"taxonomy":"post_tag","embeddable":true,"href":"https:\/\/eldiariodesanpedro.com.ar\/sitio\/wp-json\/wp\/v2\/tags?post=34330"}],"curies":[{"name":"wp","href":"https:\/\/api.w.org\/{rel}","templated":true}]}}