{"id":34328,"date":"2018-06-06T20:43:31","date_gmt":"2018-06-06T23:43:31","guid":{"rendered":"https:\/\/eldiariodesanpedro.com.ar\/sitio\/?p=34328"},"modified":"2018-06-06T20:43:31","modified_gmt":"2018-06-06T23:43:31","slug":"san-nicolas-suspenden-habilitaciones-y-modificaciones-de-supermercados","status":"publish","type":"post","link":"https:\/\/eldiariodesanpedro.com.ar\/sitio\/san-nicolas-suspenden-habilitaciones-y-modificaciones-de-supermercados\/","title":{"rendered":"SAN NICOL\u00c1S: Suspenden habilitaciones y modificaciones de supermercados"},"content":{"rendered":"<p><!-- VideographyWP Plugin Message: Automatic video embedding prevented by plugin options. --><br \/>\nSer\u00e1 por treinta d\u00edas. Es mientras el Concejo Deliberante analiza un proyecto enviado por el Ejecutivo que busca modificar el marco regulador de los supermercados. Se ampliar\u00e1n las distancias para evitar las superposiciones zonales.<\/p>\n<p>  La Secretaria de Gobierno Agustina Gruffat, en di\u00e1logo con EL INFORMANTE confirm\u00f3 que fueron enviados al Concejo Deliberante dos proyectos. Uno, que ya fue aprobado sobre tablas y por el Departamento Ejecutivo, suspende por treinta d\u00edas la tramitaci\u00f3n de nuevos certificados de distancia, habilitaciones, traslados y ampliaciones de supermercados.<\/p>\n<p>  El otro proyecto modifica parcialmente el r\u00e9gimen que regula a los supermercados. El mismo ingres\u00f3 en la \u00faltima sesi\u00f3n del Concejo y est\u00e1 siendo tratado por la Comisi\u00f3n de Legislaci\u00f3n.<\/p>\n<p>La ordenanza que se modifica data del a\u00f1o 2013. Lo que se pretende en este proyecto es modificar el r\u00e9gimen de c\u00e1lculo de la distancia entre los supermercados que tienen entre 50 y 900 metros cuadrados.<\/p>\n<p>  Seg\u00fan cont\u00f3 la funcionaria, hasta el momento se computaba la distancia m\u00ednima del supermercado que se pretende instalar respecto del preexistente, como un equivalente a la suma de la superficie del que se pretend\u00eda instalar. Con este nuevo proyecto se sumar\u00e1 la superficie del que se pretende instalar a la del preexistente.<\/p>\n<p>  Adem\u00e1s, se busca modificar la distancia m\u00ednima entre ambos supermercados que, al d\u00eda de hoy, es de 200 metros y pasar\u00e1 a ser de 300 metros. En este sentido, se computar\u00e1 en la medici\u00f3n \u00fanicamente la dimensi\u00f3n del sal\u00f3n de exposici\u00f3n y venta sin incluir el dep\u00f3sito como se hace esta ahora.<\/p>\n<p>  A trav\u00e9s de estas modificaciones se pretende prever una zona geogr\u00e1fica que sea suficiente y m\u00e1s amplia para que puedan subsistir los dos supermercados sin superponerse. De esta manera se evitar\u00edan impacto negativo en las econom\u00edas de los comercios por las superposiciones zonales.<\/p>\n<p>Fuente: Diario El Informante<\/p>\n","protected":false},"excerpt":{"rendered":"<p>Ser\u00e1 por treinta d\u00edas. Es mientras el Concejo Deliberante analiza un proyecto enviado por el Ejecutivo que busca modificar el marco regulador de los supermercados. Se ampliar\u00e1n las distancias para evitar las superposiciones zonales. La Secretaria de Gobierno Agustina Gruffat, en di\u00e1logo con EL INFORMANTE confirm\u00f3 que fueron enviados al Concejo Deliberante dos proyectos. Uno, [&hellip;]<\/p>\n","protected":false},"author":4,"featured_media":34331,"comment_status":"open","ping_status":"closed","sticky":false,"template":"","format":"standard","meta":{"om_disable_all_campaigns":false,"_jetpack_memberships_contains_paid_content":false,"footnotes":""},"categories":[621],"tags":[],"class_list":["post-34328","post","type-post","status-publish","format-standard","has-post-thumbnail","hentry","category-regionales"],"aioseo_notices":[],"gutentor_comment":0,"jetpack_featured_media_url":"https:\/\/eldiariodesanpedro.com.ar\/sitio\/wp-content\/uploads\/2018\/06\/san-nicolas-Secretaria-de-Gobierno-Agustina-Gruffat.jpg","jetpack_shortlink":"https:\/\/wp.me\/p6RhLt-8VG","jetpack_sharing_enabled":true,"_links":{"self":[{"href":"https:\/\/eldiariodesanpedro.com.ar\/sitio\/wp-json\/wp\/v2\/posts\/34328","targetHints":{"allow":["GET"]}}],"collection":[{"href":"https:\/\/eldiariodesanpedro.com.ar\/sitio\/wp-json\/wp\/v2\/posts"}],"about":[{"href":"https:\/\/eldiariodesanpedro.com.ar\/sitio\/wp-json\/wp\/v2\/types\/post"}],"author":[{"embeddable":true,"href":"https:\/\/eldiariodesanpedro.com.ar\/sitio\/wp-json\/wp\/v2\/users\/4"}],"replies":[{"embeddable":true,"href":"https:\/\/eldiariodesanpedro.com.ar\/sitio\/wp-json\/wp\/v2\/comments?post=34328"}],"version-history":[{"count":1,"href":"https:\/\/eldiariodesanpedro.com.ar\/sitio\/wp-json\/wp\/v2\/posts\/34328\/revisions"}],"predecessor-version":[{"id":34332,"href":"https:\/\/eldiariodesanpedro.com.ar\/sitio\/wp-json\/wp\/v2\/posts\/34328\/revisions\/34332"}],"wp:featuredmedia":[{"embeddable":true,"href":"https:\/\/eldiariodesanpedro.com.ar\/sitio\/wp-json\/wp\/v2\/media\/34331"}],"wp:attachment":[{"href":"https:\/\/eldiariodesanpedro.com.ar\/sitio\/wp-json\/wp\/v2\/media?parent=34328"}],"wp:term":[{"taxonomy":"category","embeddable":true,"href":"https:\/\/eldiariodesanpedro.com.ar\/sitio\/wp-json\/wp\/v2\/categories?post=34328"},{"taxonomy":"post_tag","embeddable":true,"href":"https:\/\/eldiariodesanpedro.com.ar\/sitio\/wp-json\/wp\/v2\/tags?post=34328"}],"curies":[{"name":"wp","href":"https:\/\/api.w.org\/{rel}","templated":true}]}}