{"id":34294,"date":"2018-06-06T09:39:21","date_gmt":"2018-06-06T12:39:21","guid":{"rendered":"https:\/\/eldiariodesanpedro.com.ar\/sitio\/?p=34294"},"modified":"2018-06-06T09:39:21","modified_gmt":"2018-06-06T12:39:21","slug":"fueron-aprehendidos-dos-jovenes-oriundos-de-arrecifes","status":"publish","type":"post","link":"https:\/\/eldiariodesanpedro.com.ar\/sitio\/fueron-aprehendidos-dos-jovenes-oriundos-de-arrecifes\/","title":{"rendered":"Fueron aprehendidos dos j\u00f3venes oriundos de Arrecifes"},"content":{"rendered":"<p><!-- VideographyWP Plugin Message: Automatic video embedding prevented by plugin options. --><br \/>\nDos j\u00f3venes aprehendidos en la localidad de Gobernador Castro oriundos de Arrecifes que registraban aprehensi\u00f3n por pedido de paradero por el delito de hurto y robo calificado.<\/p>\n<p>El martes por la tarde se realizaron operativos de car\u00e1cter vehicular en la localidad de vecina de Gob Castro en calle Bol\u00edvar y San Juan se procedi\u00f3 a la aprehensi\u00f3n de un joven de 22 a\u00f1os y otro de 24 oriundos de Arrecifes que registraban causas judiciales por hurto y robo calificado quienes ten\u00edan pedido de aprehensi\u00f3n de paradero.<\/p>\n<p>Llegado a comisaria de esta localidad se notific\u00f3 al Juzgado Garant\u00edas Juvenil Dptal. Y Juzgado Correccional N\u00b0 4 Mercedes, respecto a los recaudos legales Notificaci\u00f3n comparendo y posterior Libertad.-<\/p>\n","protected":false},"excerpt":{"rendered":"<p>Dos j\u00f3venes aprehendidos en la localidad de Gobernador Castro oriundos de Arrecifes que registraban aprehensi\u00f3n por pedido de paradero por el delito de hurto y robo calificado. El martes por la tarde se realizaron operativos de car\u00e1cter vehicular en la localidad de vecina de Gob Castro en calle Bol\u00edvar y San Juan se procedi\u00f3 a [&hellip;]<\/p>\n","protected":false},"author":4,"featured_media":30123,"comment_status":"open","ping_status":"closed","sticky":false,"template":"","format":"standard","meta":{"om_disable_all_campaigns":false,"_jetpack_memberships_contains_paid_content":false,"footnotes":""},"categories":[101,2],"tags":[],"class_list":["post-34294","post","type-post","status-publish","format-standard","has-post-thumbnail","hentry","category-interes-general-locales","category-locales"],"aioseo_notices":[],"gutentor_comment":0,"jetpack_featured_media_url":"https:\/\/eldiariodesanpedro.com.ar\/sitio\/wp-content\/uploads\/2018\/03\/pareja-detenidos.jpg","jetpack_shortlink":"https:\/\/wp.me\/p6RhLt-8V8","jetpack_sharing_enabled":true,"_links":{"self":[{"href":"https:\/\/eldiariodesanpedro.com.ar\/sitio\/wp-json\/wp\/v2\/posts\/34294","targetHints":{"allow":["GET"]}}],"collection":[{"href":"https:\/\/eldiariodesanpedro.com.ar\/sitio\/wp-json\/wp\/v2\/posts"}],"about":[{"href":"https:\/\/eldiariodesanpedro.com.ar\/sitio\/wp-json\/wp\/v2\/types\/post"}],"author":[{"embeddable":true,"href":"https:\/\/eldiariodesanpedro.com.ar\/sitio\/wp-json\/wp\/v2\/users\/4"}],"replies":[{"embeddable":true,"href":"https:\/\/eldiariodesanpedro.com.ar\/sitio\/wp-json\/wp\/v2\/comments?post=34294"}],"version-history":[{"count":1,"href":"https:\/\/eldiariodesanpedro.com.ar\/sitio\/wp-json\/wp\/v2\/posts\/34294\/revisions"}],"predecessor-version":[{"id":34295,"href":"https:\/\/eldiariodesanpedro.com.ar\/sitio\/wp-json\/wp\/v2\/posts\/34294\/revisions\/34295"}],"wp:featuredmedia":[{"embeddable":true,"href":"https:\/\/eldiariodesanpedro.com.ar\/sitio\/wp-json\/wp\/v2\/media\/30123"}],"wp:attachment":[{"href":"https:\/\/eldiariodesanpedro.com.ar\/sitio\/wp-json\/wp\/v2\/media?parent=34294"}],"wp:term":[{"taxonomy":"category","embeddable":true,"href":"https:\/\/eldiariodesanpedro.com.ar\/sitio\/wp-json\/wp\/v2\/categories?post=34294"},{"taxonomy":"post_tag","embeddable":true,"href":"https:\/\/eldiariodesanpedro.com.ar\/sitio\/wp-json\/wp\/v2\/tags?post=34294"}],"curies":[{"name":"wp","href":"https:\/\/api.w.org\/{rel}","templated":true}]}}