{"id":34292,"date":"2018-06-06T09:34:18","date_gmt":"2018-06-06T12:34:18","guid":{"rendered":"https:\/\/eldiariodesanpedro.com.ar\/sitio\/?p=34292"},"modified":"2018-06-06T09:34:18","modified_gmt":"2018-06-06T12:34:18","slug":"dos-menores-aprehendidos-tras-intentar-perpetrar-un-robo","status":"publish","type":"post","link":"https:\/\/eldiariodesanpedro.com.ar\/sitio\/dos-menores-aprehendidos-tras-intentar-perpetrar-un-robo\/","title":{"rendered":"Dos menores aprehendidos tras intentar perpetrar un robo"},"content":{"rendered":"<p><!-- VideographyWP Plugin Message: Automatic video embedding prevented by plugin options. --><br \/>\nDos menores intentaron ingresar a una vivienda da\u00f1ando las aberturas y fueron aprehendidos por personal policial.<\/p>\n<p>Hoy por la madrugada personal policial de nuestra ciudad fueron alertados por vecinos que dos menores intentaban ingresar a una vivienda, al llegar al lugar de calle Saavedra y Sargento Selada propiedad de un hombre de 39 a\u00f1os se procede a la aprehensi\u00f3n de un joven de 17 a\u00f1os y otro de 14 que hab\u00edan provocados da\u00f1os en las ventanas tras intentar ingresar a la casa.<\/p>\n<p>Fueron trasladados a la Dependencia local , interviene UFI N\u00ba1 del Joven que fueron notificados y entregados a sus progenitores.<\/p>\n","protected":false},"excerpt":{"rendered":"<p>Dos menores intentaron ingresar a una vivienda da\u00f1ando las aberturas y fueron aprehendidos por personal policial. Hoy por la madrugada personal policial de nuestra ciudad fueron alertados por vecinos que dos menores intentaban ingresar a una vivienda, al llegar al lugar de calle Saavedra y Sargento Selada propiedad de un hombre de 39 a\u00f1os se [&hellip;]<\/p>\n","protected":false},"author":4,"featured_media":33688,"comment_status":"open","ping_status":"closed","sticky":false,"template":"","format":"standard","meta":{"om_disable_all_campaigns":false,"_jetpack_memberships_contains_paid_content":false,"footnotes":""},"categories":[2,103],"tags":[],"class_list":["post-34292","post","type-post","status-publish","format-standard","has-post-thumbnail","hentry","category-locales","category-policiales-locales"],"aioseo_notices":[],"gutentor_comment":0,"jetpack_featured_media_url":"https:\/\/eldiariodesanpedro.com.ar\/sitio\/wp-content\/uploads\/2018\/05\/detenidos-4.jpg","jetpack_shortlink":"https:\/\/wp.me\/p6RhLt-8V6","jetpack_sharing_enabled":true,"_links":{"self":[{"href":"https:\/\/eldiariodesanpedro.com.ar\/sitio\/wp-json\/wp\/v2\/posts\/34292","targetHints":{"allow":["GET"]}}],"collection":[{"href":"https:\/\/eldiariodesanpedro.com.ar\/sitio\/wp-json\/wp\/v2\/posts"}],"about":[{"href":"https:\/\/eldiariodesanpedro.com.ar\/sitio\/wp-json\/wp\/v2\/types\/post"}],"author":[{"embeddable":true,"href":"https:\/\/eldiariodesanpedro.com.ar\/sitio\/wp-json\/wp\/v2\/users\/4"}],"replies":[{"embeddable":true,"href":"https:\/\/eldiariodesanpedro.com.ar\/sitio\/wp-json\/wp\/v2\/comments?post=34292"}],"version-history":[{"count":1,"href":"https:\/\/eldiariodesanpedro.com.ar\/sitio\/wp-json\/wp\/v2\/posts\/34292\/revisions"}],"predecessor-version":[{"id":34293,"href":"https:\/\/eldiariodesanpedro.com.ar\/sitio\/wp-json\/wp\/v2\/posts\/34292\/revisions\/34293"}],"wp:featuredmedia":[{"embeddable":true,"href":"https:\/\/eldiariodesanpedro.com.ar\/sitio\/wp-json\/wp\/v2\/media\/33688"}],"wp:attachment":[{"href":"https:\/\/eldiariodesanpedro.com.ar\/sitio\/wp-json\/wp\/v2\/media?parent=34292"}],"wp:term":[{"taxonomy":"category","embeddable":true,"href":"https:\/\/eldiariodesanpedro.com.ar\/sitio\/wp-json\/wp\/v2\/categories?post=34292"},{"taxonomy":"post_tag","embeddable":true,"href":"https:\/\/eldiariodesanpedro.com.ar\/sitio\/wp-json\/wp\/v2\/tags?post=34292"}],"curies":[{"name":"wp","href":"https:\/\/api.w.org\/{rel}","templated":true}]}}