{"id":34289,"date":"2018-06-06T09:28:55","date_gmt":"2018-06-06T12:28:55","guid":{"rendered":"https:\/\/eldiariodesanpedro.com.ar\/sitio\/?p=34289"},"modified":"2018-06-06T09:28:55","modified_gmt":"2018-06-06T12:28:55","slug":"hoy-capacitacion-sobre-compostaje-de-materiales-locales-para-viveristas","status":"publish","type":"post","link":"https:\/\/eldiariodesanpedro.com.ar\/sitio\/hoy-capacitacion-sobre-compostaje-de-materiales-locales-para-viveristas\/","title":{"rendered":"Hoy capacitaci\u00f3n sobre compostaje de materiales locales para viveristas"},"content":{"rendered":"<p><!-- VideographyWP Plugin Message: Automatic video embedding prevented by plugin options. --><br \/>\nEste mi\u00e9rcoles 6 de junio se concretar\u00e1 el tercer mi\u00e9rcoles consecutivo con espacios de encuentro para los viveristas locales, esta vez con el foco puesto en los sustratos. Ser\u00e1 a las 14 horas en Quinta Manacor, en Ruta 1001, km 4.<\/p>\n<p>Tras dos encuentros que atrajeron a una importante parte del sector local con la cuesti\u00f3n de maquinarias especializadas en chipeo y fertilizaci\u00f3n, y riego; se propone abordar el compostaje de materiales locales. En este caso estar\u00e1 a cargo de Osvaldo Valenzuela, el investigador de INTA que ya ha realizado numerosas capacitaciones para el sector y con gran participaci\u00f3n.<\/p>\n<p>Los sustratos son un insumo de gran importancia para los viveristas. En la zona existen distintas alternativas para utilizar materiales locales, pero en todos los casos es necesario estabilizarlos y evaluar su incorporaci\u00f3n en las mezclas. La mayor\u00eda de los materiales que se pueden obtener localmente residuos de poda, marlo de ma\u00edz, cortezas, guanos deben compostarse previamente antes de colocarlos en la maceta y algunas veces adem\u00e1s hay que corregirle las propiedades qu\u00edmicas. Por eso es muy importante conocer cuales son las principales caracter\u00edsticas de esos materiales, en que proporciones deben mezclarse y cual es el procedimiento de volteo y humedecimiento para que el proceso de compostaje se produzca eficientemente y se estabilice para poder ser usado en la producci\u00f3n de plantas en contenedor<\/p>\n<p>La capacitaci\u00f3n ser\u00e1 pr\u00e1ctica e incluir\u00e1 la identificaci\u00f3n de los materiales, el tama\u00f1o de las part\u00edculas, las proporciones de cada material en la mezcla y el procedimiento de compostado que incluye el humedecimiento el volteo y el seguimiento de la temperatura de la pila.<\/p>\n<p>Nuevamente confluyen en la organizaci\u00f3n la C\u00e1mara de Viveristas, la Municipalidad de San Pedro y el INTA San Pedro.<\/p>\n","protected":false},"excerpt":{"rendered":"<p>Este mi\u00e9rcoles 6 de junio se concretar\u00e1 el tercer mi\u00e9rcoles consecutivo con espacios de encuentro para los viveristas locales, esta vez con el foco puesto en los sustratos. Ser\u00e1 a las 14 horas en Quinta Manacor, en Ruta 1001, km 4. Tras dos encuentros que atrajeron a una importante parte del sector local con la [&hellip;]<\/p>\n","protected":false},"author":4,"featured_media":34290,"comment_status":"open","ping_status":"closed","sticky":false,"template":"","format":"standard","meta":{"om_disable_all_campaigns":false,"_jetpack_memberships_contains_paid_content":false,"footnotes":""},"categories":[101,2],"tags":[],"class_list":["post-34289","post","type-post","status-publish","format-standard","has-post-thumbnail","hentry","category-interes-general-locales","category-locales"],"aioseo_notices":[],"gutentor_comment":0,"jetpack_featured_media_url":"https:\/\/eldiariodesanpedro.com.ar\/sitio\/wp-content\/uploads\/2018\/06\/unnamed-1.png","jetpack_shortlink":"https:\/\/wp.me\/p6RhLt-8V3","jetpack_sharing_enabled":true,"_links":{"self":[{"href":"https:\/\/eldiariodesanpedro.com.ar\/sitio\/wp-json\/wp\/v2\/posts\/34289","targetHints":{"allow":["GET"]}}],"collection":[{"href":"https:\/\/eldiariodesanpedro.com.ar\/sitio\/wp-json\/wp\/v2\/posts"}],"about":[{"href":"https:\/\/eldiariodesanpedro.com.ar\/sitio\/wp-json\/wp\/v2\/types\/post"}],"author":[{"embeddable":true,"href":"https:\/\/eldiariodesanpedro.com.ar\/sitio\/wp-json\/wp\/v2\/users\/4"}],"replies":[{"embeddable":true,"href":"https:\/\/eldiariodesanpedro.com.ar\/sitio\/wp-json\/wp\/v2\/comments?post=34289"}],"version-history":[{"count":1,"href":"https:\/\/eldiariodesanpedro.com.ar\/sitio\/wp-json\/wp\/v2\/posts\/34289\/revisions"}],"predecessor-version":[{"id":34291,"href":"https:\/\/eldiariodesanpedro.com.ar\/sitio\/wp-json\/wp\/v2\/posts\/34289\/revisions\/34291"}],"wp:featuredmedia":[{"embeddable":true,"href":"https:\/\/eldiariodesanpedro.com.ar\/sitio\/wp-json\/wp\/v2\/media\/34290"}],"wp:attachment":[{"href":"https:\/\/eldiariodesanpedro.com.ar\/sitio\/wp-json\/wp\/v2\/media?parent=34289"}],"wp:term":[{"taxonomy":"category","embeddable":true,"href":"https:\/\/eldiariodesanpedro.com.ar\/sitio\/wp-json\/wp\/v2\/categories?post=34289"},{"taxonomy":"post_tag","embeddable":true,"href":"https:\/\/eldiariodesanpedro.com.ar\/sitio\/wp-json\/wp\/v2\/tags?post=34289"}],"curies":[{"name":"wp","href":"https:\/\/api.w.org\/{rel}","templated":true}]}}